{"id":1500,"date":"2014-12-20T21:18:59","date_gmt":"2014-12-21T00:18:59","guid":{"rendered":"https:\/\/24formosa.com.ar\/?p=1500"},"modified":"2023-01-16T11:47:58","modified_gmt":"2023-01-16T14:47:58","slug":"asuetos-los-dias-24-26-y-31-del-corriente-y-el-2-de-enero-de-2015","status":"publish","type":"post","link":"https:\/\/24formosa.com.ar\/?p=1500","title":{"rendered":"Asuetos los d\u00edas 24, 26 y 31 del corriente y el 2 de enero de 2015"},"content":{"rendered":"<p style=\"text-align: justify;\">El Gobierno dispuso asueto en el \u00e1mbito de la Administraci\u00f3n P\u00fablica Provincial los d\u00edas 24, 26 y 31 de diciembre y el 2 de enero de 2015, en toda la jornada, por tratarse de las v\u00edsperas de Navidad y A\u00f1o Nuevo y sus d\u00edas posteriores.<\/p>\n<p style=\"text-align: justify;\">Se considerada la necesidad de la medida a fin de posibilitar que el personal estatal, particularmente aquellos que deban trasladarse a lugares distantes de sus puestos de trabajo, puedan reunirse con sus allegados en tan significativas fechas.<\/p>\n<p style=\"text-align: justify;\">Seg\u00fan el art\u00edculo 1\u00ba del decreto 532\/14 que lleva las firmas del gobernador Gildo Insfran y del Jefe de Gabinete, Antonio Ferreira, se declara \u201casueto administrativo en el \u00e1mbito de la Administraci\u00f3n P\u00fablica Provincial los d\u00edas 24, 26 y 31 de diciembre del a\u00f1o en curso y el 2 de enero de 2015\u201d.<\/p>\n<p style=\"text-align: justify;\">En tanto que en el art\u00edculo 2\u00ba se cursa invitaci\u00f3n a municipios, comisiones de fomento, Poderes Legislativo y Judicial, y a las instituciones bancarias y financieras \u2013p\u00fablicas y privadas- con asiento en nuestro territorio, a adherirse a esta medida.<\/p>\n<p style=\"text-align: justify;\">Sin dudas que esta decisi\u00f3n del PEP contribuir\u00e1 a facilitar las cl\u00e1sicas reuniones familiares que se realizan en dichas fechas y por supuesto posibilitar\u00e1 el acercamiento de quienes, por diversas causas, se domicilian lejos de sus seres queridos. No es algo menor teni\u00e9ndose en cuenta que las festividades de este mes \u201cson especialmente esperadas por las familias, pues, resultan propicias para el reencuentro, donde con optimismo y alegr\u00eda manifiestan su renovada fe cristina y esperanzas en un futuro mejor\u201d.<\/p>\n","protected":false},"excerpt":{"rendered":"<p>El Gobierno dispuso asueto en el \u00e1mbito de la Administraci\u00f3n P\u00fablica Provincial los d\u00edas 24,<\/p>\n","protected":false},"author":3,"featured_media":1502,"comment_status":"open","ping_status":"open","sticky":false,"template":"","format":"standard","meta":{"footnotes":""},"categories":[1],"tags":[],"class_list":["post-1500","post","type-post","status-publish","format-standard","has-post-thumbnail","hentry","category-noticias"],"_links":{"self":[{"href":"https:\/\/24formosa.com.ar\/index.php?rest_route=\/wp\/v2\/posts\/1500","targetHints":{"allow":["GET"]}}],"collection":[{"href":"https:\/\/24formosa.com.ar\/index.php?rest_route=\/wp\/v2\/posts"}],"about":[{"href":"https:\/\/24formosa.com.ar\/index.php?rest_route=\/wp\/v2\/types\/post"}],"author":[{"embeddable":true,"href":"https:\/\/24formosa.com.ar\/index.php?rest_route=\/wp\/v2\/users\/3"}],"replies":[{"embeddable":true,"href":"https:\/\/24formosa.com.ar\/index.php?rest_route=%2Fwp%2Fv2%2Fcomments&post=1500"}],"version-history":[{"count":1,"href":"https:\/\/24formosa.com.ar\/index.php?rest_route=\/wp\/v2\/posts\/1500\/revisions"}],"predecessor-version":[{"id":52295,"href":"https:\/\/24formosa.com.ar\/index.php?rest_route=\/wp\/v2\/posts\/1500\/revisions\/52295"}],"wp:featuredmedia":[{"embeddable":true,"href":"https:\/\/24formosa.com.ar\/index.php?rest_route=\/wp\/v2\/media\/1502"}],"wp:attachment":[{"href":"https:\/\/24formosa.com.ar\/index.php?rest_route=%2Fwp%2Fv2%2Fmedia&parent=1500"}],"wp:term":[{"taxonomy":"category","embeddable":true,"href":"https:\/\/24formosa.com.ar\/index.php?rest_route=%2Fwp%2Fv2%2Fcategories&post=1500"},{"taxonomy":"post_tag","embeddable":true,"href":"https:\/\/24formosa.com.ar\/index.php?rest_route=%2Fwp%2Fv2%2Ftags&post=1500"}],"curies":[{"name":"wp","href":"https:\/\/api.w.org\/{rel}","templated":true}]}}