{"id":1489,"date":"2014-12-19T21:22:32","date_gmt":"2014-12-20T00:22:32","guid":{"rendered":"https:\/\/24formosa.com.ar\/?p=1489"},"modified":"2023-01-16T11:47:58","modified_gmt":"2023-01-16T14:47:58","slug":"anticipan-pase-masivo-de-destacados-dirigentes-del-radicalismo-al-oficialismo","status":"publish","type":"post","link":"https:\/\/24formosa.com.ar\/?p=1489","title":{"rendered":"Anticipan pase masivo de destacados dirigentes del radicalismo al oficialismo"},"content":{"rendered":"<p style=\"text-align: justify;\">El dirigente del Movimiento Nacional Alfonsinista de Clorinda y referente del Ateneo \u201cRa\u00fal Alfons\u00edn\u201d, Carlos Ortega, anticipa el \u201cpase masivo de mucho y destacados dirigentes del radicalismo formose\u00f1o al espacio de consenso que se ha creado con el gobernador Gildo Insfran sin perder la identidad de la UCR\u201d.<\/p>\n<p style=\"text-align: justify;\">Sostuvo que \u201cestamos ante una etapa de nuevos desaf\u00edos y muy importantes, y esta lucha pol\u00edtica ha derivado en un presente con horizontes alentadores\u201d, aludiendo a que \u201cen el MNA estamos muy entusiasmados y preparados para trabajar con activa militancia en este espacio donde se ir\u00e1n sumando much\u00edsimos correligionarios, que har\u00e1 que quienes hoy nos critican terminen cay\u00e9ndose de espaldas\u201d.<\/p>\n<p style=\"text-align: justify;\">Explico Ortega que \u201cel hecho de que hayamos dado este paso tan importante se debe a que el partido ha salido de lo que se propon\u00eda nacionalmente en lo que hace al progresismo que propiciamos como movimiento pol\u00edtico. Cuando vemos que gente de derecha como (Mauricio) Macri o (Sergio) Massa son quienes seducen a quienes est\u00e1n en la conducci\u00f3n del partido, entonces queda claro que nosotros nada tenemos que hace en espacios de ese tipo\u201d.<\/p>\n<p style=\"text-align: justify;\">Afirmo que \u201cesto lo sostenemos con absoluta hidalgu\u00eda, sobre todo a partir de que el senador Luis Naidenoff trae al peronista Sergio Massa sin autorizaci\u00f3n o aval oficial de nadie, da pie a que cualquier afiliado al partido decida hacer alianzas con quien proponga un pragmatismo de trabajo en la pol\u00edtica. Esto es as\u00ed y no hay porque enojarse, sobre todo porque la conducci\u00f3n del partido ha empujado a muchos a un corral cada vez m\u00e1s chico\u201d.<\/p>\n<p style=\"text-align: justify;\">A modo de ejemplo de lo antes dicho expuso que en Clorinda la UCR festeja haber alcanzado una concejal\u00eda entre las nueves bancas que tiene el parlamento comunal y ocho diputados de los treinta que tiene la C\u00e1mara de Diputados, dando claras muestras de un conformismo tremendo. Y uno recorre el interior y el afiliado reclama m\u00e1s ambici\u00f3n de poder y no resignarse a tan poco\u201d.<\/p>\n<p style=\"text-align: justify;\">Destaco que \u201cel gobernador Gildo Insfran nos recibi\u00f3 en Casa de Gobierno como radicales, y una de las cosas que m\u00e1s nos llego fue cuando nos dijo que no deber\u00edamos renunciar al partido, incluso recordamos los tiempos donde se dieron los grandes acuerdos pol\u00edticos pasando toda transversalidades de dirigentes peronistas y radicales a lo largo de la historia\u201d.<\/p>\n<p style=\"text-align: justify;\">Admitio que \u201calgunos de los que fueron a esa reuni\u00f3n ten\u00edan cierto recelo porque en algunos \u00e1mbitos del partido se se\u00f1ala como un demonio al gobernador, pero nos dimos cuenta luego de charlar con el que nada m\u00e1s lejos de la realidad era esa afirmaci\u00f3n, y terminamos todos saliendo muy fortalecidos por apreciar a una persona tan abierta y darnos un espacio para hacer lo que nos gusta que es militar por el bienestar de la gente\u201d.<\/p>\n<p style=\"text-align: justify;\">Subrayo las \u201ccoincidencia en que estamos en pol\u00edtica para pelear juntos por la igualdad de posibilidades y el bienestar del pueblo, y si a partir de una oferta tan importante como nos hiciera el se\u00f1or gobernador, estos prop\u00f3sitos se incrementan, entonces como no aceptar la invitaci\u00f3n de trabajar en conjunto\u201d.<\/p>\n<p style=\"text-align: justify;\"><strong>Derecha que sit\u00faa como\u00a0\u201cInviable a Formosa\u201d<\/strong><\/p>\n<p style=\"text-align: justify;\">Expuso que \u201cesa gente de derecha que esta seduciendo a la dirigencia que conduce el partido radical, como Massa o Macri, son quienes tienen el pensamiento de que Formosa es una provincia inviable y que debe desaparecer si no alcanza a producir su propio presupuesto. Son estos los que se presentan ofreciendo un cambio en nuestra provincia, y motivo m\u00e1s que suficiente para que estemos en otro extremo festejando poder ser radicales y compartir un proyecto de provincia\u201d.<\/p>\n<p style=\"text-align: justify;\">Dejo en claro Ortega que \u201cno vamos a ponernos detr\u00e1s de ninguna de las dos corrientes hist\u00f3ricas del peronismo en Clorinda, sino que transitaremos nuestro propio camino, que fue lo que nos propuso el mismo gobernador. O sea trazaremos nuestro propio camino, el del radicalismo herido por su conducci\u00f3n, pero con sus ideales m\u00e1s elevados que nunca\u201d.<\/p>\n<p style=\"text-align: justify;\"><strong>Los que se llevaron la plata del embargo<\/strong><\/p>\n<p style=\"text-align: justify;\">A modo de \u201cdesvestir\u201d a \u201cquienes son los que conducen el partido y tratan de aparecer como los intachables\u201d, evoco cuando a\u00f1os atr\u00e1s se embargo la sede del Comit\u00e9 Provincial por un juicio laboral y era inminente la fecha de remate de la casa radical por calle Moreno. \u201cYo personalmente organice una campa\u00f1a para juntar el dinero necesario que era de $66.000 e impedir el remate, y en aquel momento Martin Hernandez y Luis Naidenoff lideraban un grupo importante, sin embargo no se alcanzo a juntar $4000\u201d, relat\u00f3.<\/p>\n<p style=\"text-align: justify;\">Dijo que \u201cen ese entonces recibi\u00f3 la llamada del actual Jefe de Gabinete, Antonio Ferreira, trasmiti\u00e9ndonos el pensamiento del gobernador Insfran en que era una obligaci\u00f3n del PEP el ayudar a los partidos pol\u00edticos tal como la propia Constituci\u00f3n Provincial lo establece. Y fue as\u00ed que nos otorgo un subsidio para salvar el Comit\u00e9 Provincial\u201d.<\/p>\n<p style=\"text-align: justify;\">Continuo relatando que \u201cdos d\u00edas despu\u00e9s, el senador Luis Naidenoff fue a reunirse con el gobernador del Chaco que era su pariente y que hizo que el fuera senador, porque de otra manera nunca lo hubiera sido, porque gasto fortunas de los chaque\u00f1o. Y regreso Naidenoff con $66.000 para devolver el dinero porque dec\u00eda que no pod\u00eda soportar que el gobierno provincial salve al radicalismo\u201d.<\/p>\n<p style=\"text-align: justify;\">Indico Ortega que en ese entonces \u201cel mismo doctor Ferreira explicaba la imposibilidad de que el gobierno recibiera dinero de esa manera tan desprolija, incluso me anticipaba que en cualquier momento iban a venir a retirar lo depositado, que todo era una cuesti\u00f3n de prensa. Y fue as\u00ed nomas, porque dos meses antes de las elecciones, se presentaron a escondidas Martin Hern\u00e1ndez y un grupo de afiliados a retirar la plata depositada en el Banco Provincia\u201d.<\/p>\n<p style=\"text-align: justify;\">\u201cEste ejemplo es m\u00e1s que elocuente para pintar la calidad de personas que son quienes nos critican a nosotros, que no andamos a la escondida ante nadie. Con la frente en alta ya la luz del d\u00eda nos sentamos a hacer acuerdos pol\u00edticos, y no como aquellos que nos cuestionan que cobran sueldos espectaculares y jam\u00e1s hicieron nada por la provincia. Incluso f\u00edjese cuando acompa\u00f1o al oeste al periodista Jorge Lanata a hacer un mont\u00f3n de zafarrancho, a Naidenoff no lo conoc\u00edan en la zona, lo que marca claramente que solo habla para denigrar porque no puede exhibir capacidad de trabajo\u201d, afirmo concluyente.<\/p>\n","protected":false},"excerpt":{"rendered":"<p>El dirigente del Movimiento Nacional Alfonsinista de Clorinda y referente del Ateneo \u201cRa\u00fal Alfons\u00edn\u201d, Carlos<\/p>\n","protected":false},"author":3,"featured_media":1490,"comment_status":"open","ping_status":"open","sticky":false,"template":"","format":"standard","meta":{"footnotes":""},"categories":[1],"tags":[],"class_list":["post-1489","post","type-post","status-publish","format-standard","has-post-thumbnail","hentry","category-noticias"],"_links":{"self":[{"href":"https:\/\/24formosa.com.ar\/index.php?rest_route=\/wp\/v2\/posts\/1489","targetHints":{"allow":["GET"]}}],"collection":[{"href":"https:\/\/24formosa.com.ar\/index.php?rest_route=\/wp\/v2\/posts"}],"about":[{"href":"https:\/\/24formosa.com.ar\/index.php?rest_route=\/wp\/v2\/types\/post"}],"author":[{"embeddable":true,"href":"https:\/\/24formosa.com.ar\/index.php?rest_route=\/wp\/v2\/users\/3"}],"replies":[{"embeddable":true,"href":"https:\/\/24formosa.com.ar\/index.php?rest_route=%2Fwp%2Fv2%2Fcomments&post=1489"}],"version-history":[{"count":1,"href":"https:\/\/24formosa.com.ar\/index.php?rest_route=\/wp\/v2\/posts\/1489\/revisions"}],"predecessor-version":[{"id":52297,"href":"https:\/\/24formosa.com.ar\/index.php?rest_route=\/wp\/v2\/posts\/1489\/revisions\/52297"}],"wp:featuredmedia":[{"embeddable":true,"href":"https:\/\/24formosa.com.ar\/index.php?rest_route=\/wp\/v2\/media\/1490"}],"wp:attachment":[{"href":"https:\/\/24formosa.com.ar\/index.php?rest_route=%2Fwp%2Fv2%2Fmedia&parent=1489"}],"wp:term":[{"taxonomy":"category","embeddable":true,"href":"https:\/\/24formosa.com.ar\/index.php?rest_route=%2Fwp%2Fv2%2Fcategories&post=1489"},{"taxonomy":"post_tag","embeddable":true,"href":"https:\/\/24formosa.com.ar\/index.php?rest_route=%2Fwp%2Fv2%2Ftags&post=1489"}],"curies":[{"name":"wp","href":"https:\/\/api.w.org\/{rel}","templated":true}]}}