{"id":1483,"date":"2014-12-19T21:08:46","date_gmt":"2014-12-20T00:08:46","guid":{"rendered":"https:\/\/24formosa.com.ar\/?p=1483"},"modified":"2023-01-16T11:47:59","modified_gmt":"2023-01-16T14:47:59","slug":"lanzaron-la-14-fiesta-nacional-de-la-corvina","status":"publish","type":"post","link":"https:\/\/24formosa.com.ar\/?p=1483","title":{"rendered":"Lanzaron la 14\u00b0 Fiesta Nacional de la Corvina"},"content":{"rendered":"<p style=\"text-align: justify;\">Con una grilla de propuestas recreativas tan diversas como atractivas, con los concursos de pesca y festivales con artistas de renombre internacional como facetas seductoras centrales, se lanzo ayer en esta ciudad la 14\u00b0 edici\u00f3n de la\u00a0\u201cFiesta Nacional de la Corvina\u201d. La fiesta ser\u00e1 del 6 al 8 de febrero de 2015, siendo epicentro de todas las actividades el gran escenario natural de la vecina villa tur\u00edstica de Herradura, a unos 40 kil\u00f3metros al sur de esta ciudad.<\/p>\n<p style=\"text-align: justify;\">El ministro de Turismo, Alberto Areco junto a los intendentes de esta ciudad, Fernando De Vido y de la localidad herradure\u00f1a, Juan Carlos G\u00f3mez, presidieron la ceremonia presentaci\u00f3n en el sal\u00f3n \u201clapacho amarillo\u201d del Hotel Howard Johnson de la ciudad de Formosa.<\/p>\n<p style=\"text-align: justify;\">Ante empresarios del rubro tur\u00edstico en general, pescadores, periodistas locales y de la regi\u00f3n, empresarios y miembros de fuerzas de seguridad y policial que siempre colaboran activamente en la organizaci\u00f3n, el ministro Areco dijo que \u201cla alegr\u00eda y expectativas se renuevan en cada presentaci\u00f3n de esta fiesta que de a poco de fue incorporando al patrimonio y sentir de gran parte de los que habitamos esta provincia, porque es la s\u00edntesis del sentir formose\u00f1o\u201d.<\/p>\n<p style=\"text-align: justify;\">Dijo que \u201cla fiesta de la corvina gestada por iniciativa de algunos pioneros pescadores nos permiti\u00f3 sacar im\u00e1genes de Formosa al resto del pa\u00eds. Esto ahora se enlaza con una fuerte campa\u00f1a de \u201cFormosa es Hermosa\u201d que permite apreciar im\u00e1genes de nuestra provincia en las grandes urbes que son generadoras de enviarnos visitantes\u201d.<\/p>\n<p style=\"text-align: justify;\">\u201cHoy y tras un tiempo de preparaci\u00f3n de todos los eslabones de la cadena tur\u00edstica salimos a mostrarnos al pa\u00eds, con fuerte presencia en las autopistas, en importantes shoppings de la Capital Federal, en aeropuertos, y pr\u00f3ximamente marcaremos presencia en toda la Costa Atl\u00e1ntica\u201d, destaco, estimando que \u201ctoda esta campa\u00f1a rendir\u00e1 sus frutos prontamente ante el receso de verano ya en marcha y que se acentuara tras las fiestas de fin de a\u00f1o, por lo que las expectativas son las mejores\u201d.<br \/>\nSobre la fiesta en particular, dijo que se trata de una propuesta que re\u00fane a unas 120 mil personas anualmente, en esta edici\u00f3n renovara algunas propuestas y mejorara otras.<\/p>\n<p style=\"text-align: justify;\">Con respecto al concurso de pesca se repetir\u00e1n los concursos de embarcada a motor y embarcada a remo, esta \u00faltima modalidad donde somos pineros y tras un inicio algo tibio ha pasado a ser estrella con casi un centenar y medio de participantes. Entre todos los participantes se sorteara un auto cero kilometro y una lancha con motor de 60 HP, y en lo que hace a los mejores clasificados de los concursos de pescas: Para la embarcada se prev\u00e9 un monto de $30.000 al equipo ganador y un motor de 8 HP al segundo; mientras que en embarcada a remo, el primero se alzara con un motor de 8 HP y el segundo con un motor de 5 HP.<\/p>\n<p style=\"text-align: justify;\">Una ambiciosa grilla de propuestas culturales y de entretenimiento para toda la familia, donde por supuesto se prepararan un sinn\u00famero de actividades al aire libre, tambi\u00e9n en el sector de playa, para el mayor disfrute de los visitantes.<\/p>\n<p style=\"text-align: justify;\">Acerca de la gran Expo-Corvina, se\u00f1alo que el formato ser\u00e1 similar a la edici\u00f3n anterior, y en lo que tiene que ver con el gran festival que crece cada a\u00f1o y que se ha transformado en un atractivo para toda la regi\u00f3n, los g\u00e9neros musicales ser\u00e1n muy amplios y abarcaran del gusto de los ni\u00f1os, j\u00f3venes y adultos, es decir la familia toda. \u201cTrataremos de tener la presencia de una figura internacional y lo mejor de la m\u00fasica nacional que se adecuen a nuestro presupuesto, aunque con los artistas locales que existen en cantidad nos dan reaseguro de calidad y es todo un orgullo el crecimiento que han tenido\u201d, sostuvo.<\/p>\n<p style=\"text-align: justify;\"><strong>Crecimiento<\/strong><\/p>\n<p style=\"text-align: justify;\">El intendente de esta ciudad capital, Fernando De Vido, destaco que \u201cesta es una fiesta que nos muestra ante el pa\u00eds y otras naciones hermanas tal como somos los formose\u00f1os, desde cuando hemos crecido y sobre todo la calidez de su gente, el que a diario va construyendo su futuro con compromiso, trabajo y defendiendo su identidad y mucho amor a su tierra\u201d.<\/p>\n<p style=\"text-align: justify;\">Dijo que \u201choy se aprecia de manera especial a los formose\u00f1os con su autoestima elevada, un sentimiento de orgullo y pertenencia a esta tierra, revalorizando nuestro manera de ser\u201d.<\/p>\n<p style=\"text-align: justify;\">Marco De VIdo que \u201cFormosa se incorpora cada vez con mayor fuerza al turismo sustentable. \u201cFormosa es hermosa\u201d por sus cualidades naturales y por las cualidades de su gente. Incluso ahora y debemos decirlo con orgullo, merced a un trabajo pol\u00edtico que brinda igualdad de oportunidades se han generado las condiciones para desarrollarnos en el lugar que elegimos vivir\u201d.<\/p>\n<p style=\"text-align: justify;\">Destaco que \u201ceste tipo de fiestas sirven para que mostremos todo esto y nuestros potenciales, adem\u00e1s de ayudar a dinamizar a gran cantidad de sectores socio-econ\u00f3micos, la hoteler\u00eda, gastronom\u00eda y muchos otros servicios, adem\u00e1s de ser una propuesta para que el pueblo pueda disfrutar del mejor esparcimiento totalmente gratis\u201d.<\/p>\n<p style=\"text-align: justify;\">El jefe comunal de Herradura, Juan Carlos G\u00f3mez expuso acerca del crecimiento de la localidad producto justamente de propuestas como esta, algo que destaco se aprecia en m\u00e1s servicios, en el comercio y mejoras en infraestructuras para visitantes, incluso en el predio donde se desarrolla analmente el festival y gran muestra de la Expo-Corvina e incluso en el valor inmobiliario. \u201cY eso que se trata de una villa tur\u00edstica en formaci\u00f3n, pero lo hace a pasos agigantados, y nuevamente este a\u00f1o redoblamos el compromiso por presentar la mejor fiesta\u201d, afirm\u00f3.<\/p>\n<p style=\"text-align: justify;\">Destaco \u201cla fuerte impronta del gobernador (Gildo) Insfran en consolidar a Herradura como alternativa solida en materia de turismo, a lo que se suma el compromiso de toda una comunidad por acompa\u00f1are este proceso de crecimiento que es realmente maravilloso\u201d. Indico que \u201clos fines de semana se aprecia una din\u00e1mica muy particular a partir de la llegada de centenares de visitantes que disfrutan de todo lo que ofrecemos para que cada familia disfrute al m\u00e1ximo de su estada en nuestra villa, algo que en estas vacaciones y la Fiesta de la Corvina se incrementara much\u00edsimo mas\u201d.<\/p>\n","protected":false},"excerpt":{"rendered":"<p>Con una grilla de propuestas recreativas tan diversas como atractivas, con los concursos de pesca<\/p>\n","protected":false},"author":3,"featured_media":1484,"comment_status":"open","ping_status":"open","sticky":false,"template":"","format":"standard","meta":{"footnotes":""},"categories":[1],"tags":[],"class_list":["post-1483","post","type-post","status-publish","format-standard","has-post-thumbnail","hentry","category-noticias"],"_links":{"self":[{"href":"https:\/\/24formosa.com.ar\/index.php?rest_route=\/wp\/v2\/posts\/1483","targetHints":{"allow":["GET"]}}],"collection":[{"href":"https:\/\/24formosa.com.ar\/index.php?rest_route=\/wp\/v2\/posts"}],"about":[{"href":"https:\/\/24formosa.com.ar\/index.php?rest_route=\/wp\/v2\/types\/post"}],"author":[{"embeddable":true,"href":"https:\/\/24formosa.com.ar\/index.php?rest_route=\/wp\/v2\/users\/3"}],"replies":[{"embeddable":true,"href":"https:\/\/24formosa.com.ar\/index.php?rest_route=%2Fwp%2Fv2%2Fcomments&post=1483"}],"version-history":[{"count":1,"href":"https:\/\/24formosa.com.ar\/index.php?rest_route=\/wp\/v2\/posts\/1483\/revisions"}],"predecessor-version":[{"id":52299,"href":"https:\/\/24formosa.com.ar\/index.php?rest_route=\/wp\/v2\/posts\/1483\/revisions\/52299"}],"wp:featuredmedia":[{"embeddable":true,"href":"https:\/\/24formosa.com.ar\/index.php?rest_route=\/wp\/v2\/media\/1484"}],"wp:attachment":[{"href":"https:\/\/24formosa.com.ar\/index.php?rest_route=%2Fwp%2Fv2%2Fmedia&parent=1483"}],"wp:term":[{"taxonomy":"category","embeddable":true,"href":"https:\/\/24formosa.com.ar\/index.php?rest_route=%2Fwp%2Fv2%2Fcategories&post=1483"},{"taxonomy":"post_tag","embeddable":true,"href":"https:\/\/24formosa.com.ar\/index.php?rest_route=%2Fwp%2Fv2%2Ftags&post=1483"}],"curies":[{"name":"wp","href":"https:\/\/api.w.org\/{rel}","templated":true}]}}