{"id":1429,"date":"2014-12-17T22:21:54","date_gmt":"2014-12-18T01:21:54","guid":{"rendered":"https:\/\/24formosa.com.ar\/?p=1429"},"modified":"2023-01-16T11:48:00","modified_gmt":"2023-01-16T14:48:00","slug":"gobierno-y-asociaciones-del-agro-acuerdan-instrumentacion-de-aportes-por-emergencia","status":"publish","type":"post","link":"https:\/\/24formosa.com.ar\/?p=1429","title":{"rendered":"Gobierno y asociaciones del agro acuerdan instrumentaci\u00f3n de aportes por emergencia"},"content":{"rendered":"<p style=\"text-align: justify;\">En sucesivas reuniones de trabajo producidas en los \u00faltimos d\u00edas con asociaciones del agro, el gobierno provincial a trav\u00e9s de la cartera de Producci\u00f3n y Ambiente viene acordando la instrumentaci\u00f3n de los fondos que bajaran para atender el contexto de emergencia que afectara a productores algodoneros, bananeros y sandieros.<\/p>\n<p style=\"text-align: justify;\">Se estima justamente que en la primera semana de enero de 2015 Naci\u00f3n estar\u00eda remitiendo los fondos acordados, del orden de los $26 millones, por lo cual el gobernador Gildo Insfran firmara el convenio respectivo con el ministro de Agricultura, Ganader\u00eda y Pesca de la Naci\u00f3n, Carlos Casamiquela.<\/p>\n<p style=\"text-align: justify;\">As\u00ed lo expuso el subsecretario de Producci\u00f3n Sustentable, Alejandro Garc\u00eda, quien describiendo acerca de las gestiones que est\u00e1 haciendo el ministro de la Producci\u00f3n y Ambiente, Ra\u00fal Quintana, y los avances que se han alcanzado a fin de que los aportes dispuestas por Naci\u00f3n para atender la aemergencia agropecuaria provincial afectada por adversidades clim\u00e1ticas.<\/p>\n<p style=\"text-align: justify;\">\u201cLa semana pasada tuvimos la oportunidad de participar en las reuniones del Consejo Federal Agropecuario, junto con el ministro Quintana y los directores nacionales de emergencia y desastre agropecuario. En ese marco es que se confirm\u00f3 que Formosa ser\u00e1 asistida con los fondos de la Ley Nacional de Emergencia por la suma de 26 millones de pesos\u201d.<\/p>\n<p style=\"text-align: justify;\">Explico que en ese marco se anticipo que \u201cestos fondos van a estar siendo transferidos a nuestra provincia en los primeros d\u00edas del mes de enero de 2015, y una vez que esto se concrete, se ir\u00e1n produciendo a lo largo de ese mismo mes, los desembolsos correspondientes a los productores de cada estrato asignado por la emergencia\u201d.<br \/>\nGarc\u00eda indico que \u201ctodo esto hemos expuesto ante las asociaciones productivas de la provincia, como DEPROA, Federaci\u00f3n Agraria Argentina y Movimiento Agrario Formose\u00f1o, con cuyos titulares y otros miembros iniciamos esta semana una serie de reuniones. El lunes nos reunimos con todos ellos para atender puntualmente la asistencia a los productores algodoneros. Este mi\u00e9rcoles lo hicimos con representantes de productores bananeros, como los de la Federaci\u00f3n Agraria de la filial Naineck\u201d.<br \/>\nPuntualizo que as\u00ed tambi\u00e9n, este mi\u00e9rcoles, el director de Producci\u00f3n Sustentable, Jorge Hern\u00e1ndez, se reuni\u00f3 con representantes de la Asociaci\u00f3n Frutihort\u00edcola de Las lomitas donde los productores intercambiaron opiniones y propuestas con los equipos t\u00e9cnicos de c\u00f3mo se implementar\u00e1 la asistencia a los productores de sandia.<\/p>\n<p style=\"text-align: justify;\">\u201cCon cada uno de los sectores que est\u00e1n alcanzados por los beneficios de la ley dialogamos con madurez y responsabilidad, y coordinamos la mejor manera de instrumentar estos aportes no reintegrables, que estimamos estar\u00edamos desembolsando en el transcurso del mes de enero de 2015. Esto es destacable, porque en un marco de consenso se logran los mejores resultados\u201d, subrayo<\/p>\n<p style=\"text-align: justify;\"><strong>A cuantos alcanza<\/strong><\/p>\n<p style=\"text-align: justify;\">Garc\u00eda expuso que los fondos asignados a trav\u00e9s de la Ley de Emergencia en el caso de los algodoneros alcanzan a 1800 productores y 14 mil hect\u00e1reas que son las que entraron en la emergencia. Respecto a los bananeros, estos se cuantifican en 491 y las hect\u00e1reas afectadas totalizan 1500; mientras que los sandieros (de regiones de Las Lomitas) se cuentan en 44 y las hect\u00e1reas damnificadas 550.<br \/>\nIndico que \u201ctambi\u00e9n el Instituto PAIPPA juega un rol fundamental en todo este proceso, algo estrat\u00e9gico a partir de que en m\u00e1s de un 95% de los algodoneros afectados son peque\u00f1os productores de no m\u00e1s de 10 hect\u00e1reas, y los bananeros con 5 o poco mas de hect\u00e1reas se cuentan tambi\u00e9n en cerca del 87% del total a ser beneficiado con estos aportes que tiene car\u00e1cter de no reintegrables\u201d.<br \/>\nCon estos aportes del estado federal se accede a los beneficios de la Ley de Emergencia Nacional, que permitir\u00e1 por ejemplo aportes financieros para atender a los sectores afectados que entraron en emergencia a fin de recomponer su situaci\u00f3n productiva.<\/p>\n<p style=\"text-align: justify;\">Acerca de la emergencia para el cultivo del algod\u00f3n, incluye a los establecimientos rurales afectados por las escasas precipitaciones entre julio del a\u00f1o pasado y enero de 2014, como tambi\u00e9n el exceso de lluvias posterior de febrero a junio \u00faltimo. Esto comprende a los sitios productivos verificados y determinados por los organismos competentes que hayan sido damnificados en los departamentos Pirane, Laishi, Pilcomayo y Pilaga.<\/p>\n<p style=\"text-align: justify;\">En el caso de la emergencia para las producciones de bananas, que en su caso se vieron perjudicados por d\u00e9ficit de lluvias, heladas tard\u00edas y fuertes vientos que azotaron la regi\u00f3n productiva de junio de 2013 a enero de este a\u00f1o, abarca los departamentos Pilagas y Pilcomayo, por supuesto en donde se haya comprobado las perdidas.<\/p>\n<p style=\"text-align: justify;\">En cuanto a los cultivares de sandia, afectada por el d\u00e9ficit de lluvias y heladas ocurridas de julio a noviembre de 2013, la medida de emergencia alcanza a producciones determinadas fehacientemente el grado de afectaci\u00f3n en zonas de las jurisdicciones de Las Lomitas y Pozo del Tigre, en el departamento Pati\u00f1o.<\/p>\n","protected":false},"excerpt":{"rendered":"<p>En sucesivas reuniones de trabajo producidas en los \u00faltimos d\u00edas con asociaciones del agro, el<\/p>\n","protected":false},"author":3,"featured_media":1430,"comment_status":"open","ping_status":"open","sticky":false,"template":"","format":"standard","meta":{"footnotes":""},"categories":[1],"tags":[],"class_list":["post-1429","post","type-post","status-publish","format-standard","has-post-thumbnail","hentry","category-noticias"],"_links":{"self":[{"href":"https:\/\/24formosa.com.ar\/index.php?rest_route=\/wp\/v2\/posts\/1429","targetHints":{"allow":["GET"]}}],"collection":[{"href":"https:\/\/24formosa.com.ar\/index.php?rest_route=\/wp\/v2\/posts"}],"about":[{"href":"https:\/\/24formosa.com.ar\/index.php?rest_route=\/wp\/v2\/types\/post"}],"author":[{"embeddable":true,"href":"https:\/\/24formosa.com.ar\/index.php?rest_route=\/wp\/v2\/users\/3"}],"replies":[{"embeddable":true,"href":"https:\/\/24formosa.com.ar\/index.php?rest_route=%2Fwp%2Fv2%2Fcomments&post=1429"}],"version-history":[{"count":1,"href":"https:\/\/24formosa.com.ar\/index.php?rest_route=\/wp\/v2\/posts\/1429\/revisions"}],"predecessor-version":[{"id":52308,"href":"https:\/\/24formosa.com.ar\/index.php?rest_route=\/wp\/v2\/posts\/1429\/revisions\/52308"}],"wp:featuredmedia":[{"embeddable":true,"href":"https:\/\/24formosa.com.ar\/index.php?rest_route=\/wp\/v2\/media\/1430"}],"wp:attachment":[{"href":"https:\/\/24formosa.com.ar\/index.php?rest_route=%2Fwp%2Fv2%2Fmedia&parent=1429"}],"wp:term":[{"taxonomy":"category","embeddable":true,"href":"https:\/\/24formosa.com.ar\/index.php?rest_route=%2Fwp%2Fv2%2Fcategories&post=1429"},{"taxonomy":"post_tag","embeddable":true,"href":"https:\/\/24formosa.com.ar\/index.php?rest_route=%2Fwp%2Fv2%2Ftags&post=1429"}],"curies":[{"name":"wp","href":"https:\/\/api.w.org\/{rel}","templated":true}]}}