{"id":1425,"date":"2014-12-17T18:16:23","date_gmt":"2014-12-17T21:16:23","guid":{"rendered":"https:\/\/24formosa.com.ar\/?p=1425"},"modified":"2023-01-16T11:48:00","modified_gmt":"2023-01-16T14:48:00","slug":"consideran-positiva-modificacion-del-articulo-252-del-codigo-penal","status":"publish","type":"post","link":"https:\/\/24formosa.com.ar\/?p=1425","title":{"rendered":"Consideran positiva modificaci\u00f3n del art\u00edculo 252 del C\u00f3digo Penal"},"content":{"rendered":"<p style=\"text-align: justify;\">Desde la- Direcci\u00f3n de Derechos Humanos y Grupos Minoritarios, Discriminaci\u00f3n, Xenofobia, Trata de Persona y Discapacidad-, de la Defensor\u00eda del Pueblo de la Provincia de Formosa, y en atenci\u00f3n a los antecedentes ocurridos en nuestra provincia por integrantes de la fuerza de seguridad provincial, se se\u00f1alo que la Ley que aprobara la C\u00e1mara de Diputados en su \u00faltima sesi\u00f3n del a\u00f1o, y que modifica el Art N\u00ba 252 del C.P y mediante la cual se contempla castigos para los funcionarios p\u00fablicos que abandonen sus tareas y tambi\u00e9n para los militares que desertan en tiempo de conflicto armado, zona de cat\u00e1strofe; agreg\u00e1ndose sanciones a cualquier miembro de las fuerzas de seguridad provincial o nacionales que abandonen actos de servicio o maliciosamente omitiesen la prestaci\u00f3n regular de su funci\u00f3n, ser\u00e1n castigados con una prisi\u00f3n de dos a ocho a\u00f1os e inhabilitaci\u00f3n absoluta para ejercer cargos p\u00fablicos; si como consecuencia del abandono de las tareas se produjeran da\u00f1os a bienes de la fuerza, bienes de terceros, lesiones de sus camaradas o terceros.<\/p>\n<p style=\"text-align: justify;\">Las multas que se prev\u00e9n por esta ley van desde $12.500 a $750.000 e \u2013 inhabilitaci\u00f3n especial de un mes a un a\u00f1o, para los agentes de las fuerzas de seguridad que sin haber admitido la renuncia de su destino, lo abandone y produzca un da\u00f1o del servicio p\u00fablico.<\/p>\n<p style=\"text-align: justify;\">Desde el Organismo de la Constituci\u00f3n Provincial, manifestaron que con esta modificaci\u00f3n al C\u00f3digo Penal, se fortalecen las Instituciones ya que el a\u00f1o pasado, por problemas de huelgas y abandono de tareas por parte de las fuerzas de seguridad provinciales y nacionales, muchos ciudadanos quedaron absolutamente en un estado de indefensi\u00f3n y tambi\u00e9n otros fueron perjudicados en su patrimonio, que con su trabajo hab\u00edan logrado concretar; y con ello se viene a garantizar a todos los vecinos una de las obligaciones constitucionales que poseen los Estados Nacional y Provincial, que es el de instrumentar todo lo relativo a la seguridad p\u00fablica y para ello,\u00a0 prever que los integrantes de la fuerza de seguridad no pueden acuartelarse y dejar zonas liberadas para que se produzca el caos y el quebrantamiento de la Paz Social.<\/p>\n<p style=\"text-align: justify;\">El Ombudsman Provincial, Dr. Jos\u00e9 Leonardo Gialluca, expreso que esperamos que con esta nueva normativa no se vuelvan a producir hechos como los llevados adelante por un grupo de integrantes de las fuerzas de seguridad provincial, que en su momento vulneraron reglamentaciones y una serie de normativas vigentes.<\/p>\n","protected":false},"excerpt":{"rendered":"<p>Desde la- Direcci\u00f3n de Derechos Humanos y Grupos Minoritarios, Discriminaci\u00f3n, Xenofobia, Trata de Persona y<\/p>\n","protected":false},"author":3,"featured_media":1426,"comment_status":"open","ping_status":"open","sticky":false,"template":"","format":"standard","meta":{"footnotes":""},"categories":[1],"tags":[],"class_list":["post-1425","post","type-post","status-publish","format-standard","has-post-thumbnail","hentry","category-noticias"],"_links":{"self":[{"href":"https:\/\/24formosa.com.ar\/index.php?rest_route=\/wp\/v2\/posts\/1425","targetHints":{"allow":["GET"]}}],"collection":[{"href":"https:\/\/24formosa.com.ar\/index.php?rest_route=\/wp\/v2\/posts"}],"about":[{"href":"https:\/\/24formosa.com.ar\/index.php?rest_route=\/wp\/v2\/types\/post"}],"author":[{"embeddable":true,"href":"https:\/\/24formosa.com.ar\/index.php?rest_route=\/wp\/v2\/users\/3"}],"replies":[{"embeddable":true,"href":"https:\/\/24formosa.com.ar\/index.php?rest_route=%2Fwp%2Fv2%2Fcomments&post=1425"}],"version-history":[{"count":1,"href":"https:\/\/24formosa.com.ar\/index.php?rest_route=\/wp\/v2\/posts\/1425\/revisions"}],"predecessor-version":[{"id":52309,"href":"https:\/\/24formosa.com.ar\/index.php?rest_route=\/wp\/v2\/posts\/1425\/revisions\/52309"}],"wp:featuredmedia":[{"embeddable":true,"href":"https:\/\/24formosa.com.ar\/index.php?rest_route=\/wp\/v2\/media\/1426"}],"wp:attachment":[{"href":"https:\/\/24formosa.com.ar\/index.php?rest_route=%2Fwp%2Fv2%2Fmedia&parent=1425"}],"wp:term":[{"taxonomy":"category","embeddable":true,"href":"https:\/\/24formosa.com.ar\/index.php?rest_route=%2Fwp%2Fv2%2Fcategories&post=1425"},{"taxonomy":"post_tag","embeddable":true,"href":"https:\/\/24formosa.com.ar\/index.php?rest_route=%2Fwp%2Fv2%2Ftags&post=1425"}],"curies":[{"name":"wp","href":"https:\/\/api.w.org\/{rel}","templated":true}]}}