{"id":1412,"date":"2014-12-17T16:55:48","date_gmt":"2014-12-17T19:55:48","guid":{"rendered":"https:\/\/24formosa.com.ar\/?p=1412"},"modified":"2023-01-16T11:48:00","modified_gmt":"2023-01-16T14:48:00","slug":"defensoria-interpone-recurso-a-empresas-de-telefonia-por-mal-servicio","status":"publish","type":"post","link":"https:\/\/24formosa.com.ar\/?p=1412","title":{"rendered":"Defensor\u00eda interpone recurso a empresas de telefon\u00eda por mal servicio"},"content":{"rendered":"<p style=\"text-align: justify;\">La Defensor\u00eda del Pueblo de la Provincia de Formosa, interpuso en el d\u00eda de ayer, una Acci\u00f3n Judicial por ante el Juzgado Federal ante la vulneraci\u00f3n de los derechos colectivos de los usuarios del servicio de telecomunicaciones por telefon\u00eda m\u00f3vil prestados por las Empresas licenciatarias en nuestra jurisdicci\u00f3n.<\/p>\n<p style=\"text-align: justify;\">La acci\u00f3n tiene por objeto que se concreten las acciones de hecho y de derecho necesarias establecidas en el Art. 75 Inc. 22 de nuestra Constituci\u00f3n Nacional, y en el Art. 10 bis del Reglamento de Licencias para el Servicios de Telecomunicaciones estatuido por el Decreto N\u00ba 764\/00 y modificado por el Decreto N\u00ba 681\/12; de manera tal que las prestatarias adopten en forma inmediata\u00a0\u00a0 las\u00a0 gestiones para que el Servicio de\u00a0 Telefon\u00eda Celular, tenga regularidad, continuidad, calidad y disponibilidad.<\/p>\n<p style=\"text-align: justify;\">El Ombudsman Provincial, Dr. Jos\u00e9 Leonardo Gialluca, se\u00f1alo que se adjunt\u00f3 como pruebas documentales un total de diecis\u00e9is (16) Cuerpos de Actuaciones referidas a la deficiencia del servicio de comunicaciones en nuestra provincia, con antecedentes desde el a\u00f1o 2009 a esta parte, contando cada uno de ellos con 250 fojas, los que prueban fehacientemente que todas las empresas se encuentran operando muy por debajo de los par\u00e1metros m\u00ednimos, sin perjuicio de lo cual facturan a los usuarios como si el servicio estuviera prestado al 100% de su efectividad y eficiencia, cuando ello es totalmente irreal. La variedad de reclamos acreditados, van desde, falta de se\u00f1ales, falta de cobertura de 3G, SMS que llegan despu\u00e9s de horas, errores en la facturaci\u00f3n, venta de equipos deficientes con mayores prestaciones a las que puede brindar la red, y aqu\u00ed s\u00ed hay una mala fe manifiesta, aparte de otros abusos como la publicidad enga\u00f1osa, toda vez que las sucursales oficiales en nuestra provincia, \u00fanicamente les interesa vender m\u00e1s equipos y activar mas l\u00edneas, a sabiendas de que el da\u00f1o lo pagamos los consumidores.<\/p>\n<p style=\"text-align: justify;\">Destaco que el Gobierno Nacional ha avanzado en los \u00faltimos a\u00f1os en regulaciones parciales, como la Portabilidad Num\u00e9rica, el anuncio de la aparici\u00f3n de Arsat en el mercado de la Telefonea celular, la aplicaci\u00f3n del da\u00f1o directo frente al colapso de las proveedoras del servicio, la determinaci\u00f3n de que solo se permite tarifar desde la conexi\u00f3n efectiva de la llamada, la obligaci\u00f3n de fraccionar las llamadas por segundos, y el llamado a un proceso de elaboraci\u00f3n participativa para un nuevo Reglamento del Usuario; pero nada de ello alcanza pues son tan marcadas las fallas y las irregularidades que nos lleva a peticionar que el Organismo de Control y Supervisi\u00f3n, esto es la CNC, junto a la Secretar\u00eda de Comunicaciones (SECOM) ordene mediante la aplicaci\u00f3n de las Resoluciones y Decretos vigentes, ejerciendo la fiscalizaci\u00f3n debida a todas las prestatarias y que con nuevas y mayores infraestructuras alcancen los est\u00e1ndares de calidad a las cuales est\u00e1n obligadas.<\/p>\n<p style=\"text-align: justify;\">Entendemos, que la Justicia Federal, har\u00e1 lugar a lo peticionado ya que la vulneraci\u00f3n de derechos consagrado por los Art\u00edculos 18 y 75 de la Constituci\u00f3n Nacional y todas las otras normativas antes citadas, se encuentra m\u00e1s que probada con las 3056 fojas \u00fatiles de documentales adjuntadas por la Defensor\u00eda del Pueblo.<\/p>\n","protected":false},"excerpt":{"rendered":"<p>La Defensor\u00eda del Pueblo de la Provincia de Formosa, interpuso en el d\u00eda de ayer,<\/p>\n","protected":false},"author":3,"featured_media":1413,"comment_status":"open","ping_status":"open","sticky":false,"template":"","format":"standard","meta":{"footnotes":""},"categories":[1],"tags":[],"class_list":["post-1412","post","type-post","status-publish","format-standard","has-post-thumbnail","hentry","category-noticias"],"_links":{"self":[{"href":"https:\/\/24formosa.com.ar\/index.php?rest_route=\/wp\/v2\/posts\/1412","targetHints":{"allow":["GET"]}}],"collection":[{"href":"https:\/\/24formosa.com.ar\/index.php?rest_route=\/wp\/v2\/posts"}],"about":[{"href":"https:\/\/24formosa.com.ar\/index.php?rest_route=\/wp\/v2\/types\/post"}],"author":[{"embeddable":true,"href":"https:\/\/24formosa.com.ar\/index.php?rest_route=\/wp\/v2\/users\/3"}],"replies":[{"embeddable":true,"href":"https:\/\/24formosa.com.ar\/index.php?rest_route=%2Fwp%2Fv2%2Fcomments&post=1412"}],"version-history":[{"count":1,"href":"https:\/\/24formosa.com.ar\/index.php?rest_route=\/wp\/v2\/posts\/1412\/revisions"}],"predecessor-version":[{"id":52311,"href":"https:\/\/24formosa.com.ar\/index.php?rest_route=\/wp\/v2\/posts\/1412\/revisions\/52311"}],"wp:featuredmedia":[{"embeddable":true,"href":"https:\/\/24formosa.com.ar\/index.php?rest_route=\/wp\/v2\/media\/1413"}],"wp:attachment":[{"href":"https:\/\/24formosa.com.ar\/index.php?rest_route=%2Fwp%2Fv2%2Fmedia&parent=1412"}],"wp:term":[{"taxonomy":"category","embeddable":true,"href":"https:\/\/24formosa.com.ar\/index.php?rest_route=%2Fwp%2Fv2%2Fcategories&post=1412"},{"taxonomy":"post_tag","embeddable":true,"href":"https:\/\/24formosa.com.ar\/index.php?rest_route=%2Fwp%2Fv2%2Ftags&post=1412"}],"curies":[{"name":"wp","href":"https:\/\/api.w.org\/{rel}","templated":true}]}}