{"id":1335,"date":"2014-12-11T21:52:30","date_gmt":"2014-12-12T00:52:30","guid":{"rendered":"https:\/\/24formosa.com.ar\/?p=1335"},"modified":"2023-01-16T11:48:02","modified_gmt":"2023-01-16T14:48:02","slug":"es-ley-el-programa-de-fomento-y-desarrollo-de-la-produccion-bubalina","status":"publish","type":"post","link":"https:\/\/24formosa.com.ar\/?p=1335","title":{"rendered":"Es Ley el programa de fomento y desarrollo de la producci\u00f3n bubalina"},"content":{"rendered":"<p style=\"text-align: justify;\">La senadora De la Rosa destac\u00f3 la labor en esta iniciativa de la fallecida veterinaria formose\u00f1a Silvia Rivero De Andrea.<\/p>\n<p style=\"text-align: justify;\">En la sesi\u00f3n del Senado de la Naci\u00f3n del d\u00eda, se convirti\u00f3 en ley el Programa de desarrollo de la producci\u00f3n de b\u00fafalos, una iniciativa presentada en el 2006, siendo Diputada de la Naci\u00f3n, por Graciela de la Rosa, representante de Formosa.<\/p>\n<p style=\"text-align: justify;\">\u201cEn el 2007, con media sanci\u00f3n de Diputados, no pudo ser aprobada en el Senado. Sin embargo, por la importancia para nuestras provincias, la senadora Meabe, de la Provincia de Corrientes, lo represent\u00f3 textualmente haciendo menci\u00f3n en los fundamentos de la autor\u00eda formose\u00f1a del mismo\u201d se\u00f1al\u00f3 De la Rosa.<\/p>\n<p style=\"text-align: justify;\">Agreg\u00f3 que \u201cayer finalmente, lo convertimos en ley. El proyecto expresa las pol\u00edticas formose\u00f1as aplicadas en el exitoso programa bubalino que forma parte del programa ganadero de la Provincia de Formosa, en el sentido de impulsar la inclusi\u00f3n de los peque\u00f1os productores, dado que el b\u00fafalo es una alternativa rentable, sustentable y complementaria para nuestra agricultura familiar y paiperos\u201d.<\/p>\n<p style=\"text-align: justify;\">A\u00f1adi\u00f3 que \u201cEl proyecto prev\u00e9 un fondo de 10 millones de pesos como piso para financiar las actividades de promoci\u00f3n y fomento\u201d.<\/p>\n<p style=\"text-align: justify;\">La legisladora expres\u00f3 \u201cNuestro reconocimiento a qui\u00e9n nos asesor\u00f3 en el proyecto, la m\u00e9dica veterinaria Silvia Rivero De Andrea \u2013 ya fallecida- una de las m\u00e1s fervientes impulsoras en la Provincia de Formosa de la actividad bubalina\u201d.<\/p>\n","protected":false},"excerpt":{"rendered":"<p>La senadora De la Rosa destac\u00f3 la labor en esta iniciativa de la fallecida veterinaria<\/p>\n","protected":false},"author":3,"featured_media":1336,"comment_status":"open","ping_status":"open","sticky":false,"template":"","format":"standard","meta":{"footnotes":""},"categories":[1],"tags":[],"class_list":["post-1335","post","type-post","status-publish","format-standard","has-post-thumbnail","hentry","category-noticias"],"_links":{"self":[{"href":"https:\/\/24formosa.com.ar\/index.php?rest_route=\/wp\/v2\/posts\/1335","targetHints":{"allow":["GET"]}}],"collection":[{"href":"https:\/\/24formosa.com.ar\/index.php?rest_route=\/wp\/v2\/posts"}],"about":[{"href":"https:\/\/24formosa.com.ar\/index.php?rest_route=\/wp\/v2\/types\/post"}],"author":[{"embeddable":true,"href":"https:\/\/24formosa.com.ar\/index.php?rest_route=\/wp\/v2\/users\/3"}],"replies":[{"embeddable":true,"href":"https:\/\/24formosa.com.ar\/index.php?rest_route=%2Fwp%2Fv2%2Fcomments&post=1335"}],"version-history":[{"count":1,"href":"https:\/\/24formosa.com.ar\/index.php?rest_route=\/wp\/v2\/posts\/1335\/revisions"}],"predecessor-version":[{"id":52329,"href":"https:\/\/24formosa.com.ar\/index.php?rest_route=\/wp\/v2\/posts\/1335\/revisions\/52329"}],"wp:featuredmedia":[{"embeddable":true,"href":"https:\/\/24formosa.com.ar\/index.php?rest_route=\/wp\/v2\/media\/1336"}],"wp:attachment":[{"href":"https:\/\/24formosa.com.ar\/index.php?rest_route=%2Fwp%2Fv2%2Fmedia&parent=1335"}],"wp:term":[{"taxonomy":"category","embeddable":true,"href":"https:\/\/24formosa.com.ar\/index.php?rest_route=%2Fwp%2Fv2%2Fcategories&post=1335"},{"taxonomy":"post_tag","embeddable":true,"href":"https:\/\/24formosa.com.ar\/index.php?rest_route=%2Fwp%2Fv2%2Ftags&post=1335"}],"curies":[{"name":"wp","href":"https:\/\/api.w.org\/{rel}","templated":true}]}}