{"id":13260,"date":"2017-06-11T23:01:21","date_gmt":"2017-06-12T02:01:21","guid":{"rendered":"https:\/\/24formosa.com.ar\/?p=13260"},"modified":"2023-01-16T11:43:36","modified_gmt":"2023-01-16T14:43:36","slug":"diferentes-actividades-para-crear-conciencia-acerca-de-la-problematica-del-trabajo-infantil","status":"publish","type":"post","link":"https:\/\/24formosa.com.ar\/?p=13260","title":{"rendered":"Diferentes actividades para crear conciencia acerca de la problem\u00e1tica del trabajo infantil"},"content":{"rendered":"<p style=\"text-align: justify;\">Este lunes 12 de junio se conmemora el D\u00eda Mundial contra el Trabajo Infantil; establecida con el fin de que todos los pa\u00edses adopten normas y acciones s\u00f3lidas para combatir el trabajo infantil, por medio de pol\u00edticas para la protecci\u00f3n de los ni\u00f1os.<\/p>\n<p style=\"text-align: justify;\">Con este motivo las subsecretarias de Trabajo, Justicia y Culto, la de Adolescencia y Familia, la direcci\u00f3n de Abordaje Territorial de la comuna capitalina y la Defensor\u00eda del Pueblo provincial, llevaran a cabo en la intersecci\u00f3n de la avenida 25 de mayo y Rivadavia, una serie de actividades bajo el lema: \u201cNo al Trabajo Infantil, S\u00ed al Respeto de sus Derechos\u201d.<\/p>\n<p style=\"text-align: justify;\">Se indico que \u201cno solamente es un deber del Estado Nacional, Provincial y Municipales, luchar contra este flagelo, tambi\u00e9n es nuestro deber no apoyar estas pr\u00e1cticas ilegales; cuando por ejemplo al comprar o dar dinero a un ni\u00f1o que nos ofrece algo en la calle, estamos pasando por alto que est\u00e1 siendo explotado, oprimido y denigrado, de manera que con nuestro dinero estamos contribuyendo a que esa problem\u00e1tica contin\u00fae\u201d.<\/p>\n<p style=\"text-align: justify;\">Aunque se considera que \u201csi bien en nuestra ciudad capital a diferencia de otras urbes, esta cuesti\u00f3n no se encuentra a la fecha masificada, es tambi\u00e9n necesario diferenciar la colaboraci\u00f3n de ni\u00f1as y ni\u00f1os que realizan en las zonas rurales de nuestra provincia, con sus familias, en trabajos de agricultura o cuidado de animales, que no encuadran dentro de lo que se conoce como -trabajo infantil- sino como una cooperaci\u00f3n voluntaria que permite formar en valores a los m\u00e1s peque\u00f1os\u201d.<\/p>\n<p style=\"text-align: justify;\">El Ombudsman Jos\u00e9 Leonardo Gialluca, se\u00f1alo que el trabajo infantil pone en riesgo a los menores y viola tanto el derecho internacional como las legislaciones locales. Priva a los ni\u00f1os de su educaci\u00f3n o les exige asumir una doble carga: el trabajo y la escuela. El trabajo infantil, que debe ser eliminado, es un subconjunto de actividades laborales llevadas a cabo por menores de edad e incluye: las \u201cincuestionablemente\u201d peores formas de trabajo infantil, tales como la esclavitud, o pr\u00e1cticas similares, y el uso de ni\u00f1os en la prostituci\u00f3n u otras actividades ilegales. Vulnera el derecho a la salud: el envejecimiento prematuro, la desnutrici\u00f3n, la depresi\u00f3n son s\u00f3lo algunas de sus manifestaciones dado que un ni\u00f1a\/o no est\u00e1 preparado ni f\u00edsica ni emocionalmente para el desarrollo de una actividad laboral. Vulnera el derecho a la educaci\u00f3n ya que un ni\u00f1o\/a que trabaja dif\u00edcilmente estar\u00e1 en condiciones de sostener la escolaridad y en caso de poder hacerlo, su rendimiento acad\u00e9mico no le permitir\u00e1 alcanzar el m\u00e1ximo de sus posibilidades, exponi\u00e9ndolo a una desigualdad de oportunidades a futuro. Vulnera el derecho a la integridad psicof\u00edsica, ya que los ni\u00f1os\/as que trabajan est\u00e1n m\u00e1s expuestos a diferentes manifestaciones de violencia f\u00edsica, mental y sexual. Vulnera el derecho al juego, la recreaci\u00f3n y el esparcimiento, ya que los ni\u00f1os y ni\u00f1as que trabajan pierden esta posibilidad. Un ni\u00f1o que trabaja, est\u00e1 condenado a perder su condici\u00f3n de tal e ingresar por la peor de las puertas al mundo adulto.<\/p>\n<p style=\"text-align: justify;\">Los efectos negativos del trabajo infantil son muchos. Lo m\u00e1s perjudicial es la invisibilidad y naturalizaci\u00f3n con que suele \u00abmirarse\u00bb el trabajo desarrollado por ni\u00f1os y ni\u00f1as. Esta \u00abactividad\u00bb no es m\u00e1s que el reflejo de generaciones hipotecadas, de cientos de ni\u00f1os y ni\u00f1as que, cuando adultos, seg\u00fan muestran las estad\u00edsticas, ser\u00e1n condenados a reinsertarse una y otra vez en la informalidad y precariedad laboral.<\/p>\n<p style=\"text-align: justify;\">Es hora de humanizar los n\u00fameros y resignificar todo lo que ellos representan. El momento es hoy porque el tiempo de los ni\u00f1os y ni\u00f1as pasa y no puede recuperarse. Como sociedad y Estado debemos ser capaces de sancionar severamente a quienes promueven el trabajo infantil y trabajar expresamente a partir de pol\u00edticas p\u00fablicas inclusivas para evitar que suceda.<\/p>\n","protected":false},"excerpt":{"rendered":"<p>Este lunes 12 de junio se conmemora el D\u00eda Mundial contra el Trabajo Infantil; establecida<\/p>\n","protected":false},"author":3,"featured_media":13261,"comment_status":"open","ping_status":"open","sticky":false,"template":"","format":"standard","meta":{"footnotes":""},"categories":[1],"tags":[],"class_list":["post-13260","post","type-post","status-publish","format-standard","has-post-thumbnail","hentry","category-noticias"],"_links":{"self":[{"href":"https:\/\/24formosa.com.ar\/index.php?rest_route=\/wp\/v2\/posts\/13260","targetHints":{"allow":["GET"]}}],"collection":[{"href":"https:\/\/24formosa.com.ar\/index.php?rest_route=\/wp\/v2\/posts"}],"about":[{"href":"https:\/\/24formosa.com.ar\/index.php?rest_route=\/wp\/v2\/types\/post"}],"author":[{"embeddable":true,"href":"https:\/\/24formosa.com.ar\/index.php?rest_route=\/wp\/v2\/users\/3"}],"replies":[{"embeddable":true,"href":"https:\/\/24formosa.com.ar\/index.php?rest_route=%2Fwp%2Fv2%2Fcomments&post=13260"}],"version-history":[{"count":1,"href":"https:\/\/24formosa.com.ar\/index.php?rest_route=\/wp\/v2\/posts\/13260\/revisions"}],"predecessor-version":[{"id":50225,"href":"https:\/\/24formosa.com.ar\/index.php?rest_route=\/wp\/v2\/posts\/13260\/revisions\/50225"}],"wp:featuredmedia":[{"embeddable":true,"href":"https:\/\/24formosa.com.ar\/index.php?rest_route=\/wp\/v2\/media\/13261"}],"wp:attachment":[{"href":"https:\/\/24formosa.com.ar\/index.php?rest_route=%2Fwp%2Fv2%2Fmedia&parent=13260"}],"wp:term":[{"taxonomy":"category","embeddable":true,"href":"https:\/\/24formosa.com.ar\/index.php?rest_route=%2Fwp%2Fv2%2Fcategories&post=13260"},{"taxonomy":"post_tag","embeddable":true,"href":"https:\/\/24formosa.com.ar\/index.php?rest_route=%2Fwp%2Fv2%2Ftags&post=13260"}],"curies":[{"name":"wp","href":"https:\/\/api.w.org\/{rel}","templated":true}]}}