{"id":13217,"date":"2017-06-08T19:12:03","date_gmt":"2017-06-08T22:12:03","guid":{"rendered":"https:\/\/24formosa.com.ar\/?p=13217"},"modified":"2023-01-16T11:31:05","modified_gmt":"2023-01-16T14:31:05","slug":"capacitan-a-docentes-de-ciclos-secundarios-de-modalidad-rural","status":"publish","type":"post","link":"https:\/\/24formosa.com.ar\/?p=13217","title":{"rendered":"Capacitan a Docentes de Ciclos Secundarios de Modalidad Rural"},"content":{"rendered":"<p style=\"text-align: justify;\">La Coordinaci\u00f3n de Educaci\u00f3n de Modalidad Rural organiz\u00f3 el \u201cPrimer Encuentro de Capacitaci\u00f3n a Docentes de Ciclos Secundarios de Modalidad Rural\u201d que tuvo lugar este jueves en instalaciones de la E.P.E.P. N\u00ba 66 \u201cJos\u00e9 Manuel Estrada\u201d de la ciudad de Formosa.<\/p>\n<p style=\"text-align: justify;\">Participaron del encuentro el Ministro de Cultura y Educaci\u00f3n, Dr. Alberto Zorrilla, el rector del Instituto Pedag\u00f3gico Provincial (IPP) \u201cJusticia Social\u201d, Dr. Orlando Aguirre, la Subsecretaria de Educaci\u00f3n, Prof. Anal\u00eda Heizenreder, el Director de Educaci\u00f3n Secundaria, Lic. Gabriel Santill\u00e1n, la coordinadora de Educaci\u00f3n Rural, Prof. Trinidad Romero, jefes de departamentos y modalidades, adem\u00e1s de los equipos t\u00e9cnicos.<\/p>\n<p style=\"text-align: justify;\">Los responsables de llevar adelante la capacitaci\u00f3n son los profesores Gerardo Bacalini y la licenciada Sabina Bacalini, coordinadores de las cuatro comisiones para analizar experiencias de Proyectos Escolares Productivos de Base Local seg\u00fan indicadores del Diagn\u00f3stico Rural Participativo, reformulaci\u00f3n de las propuestas y el dise\u00f1o de un plan de acci\u00f3n.<\/p>\n<p style=\"text-align: justify;\">Por su parte, el Equipo T\u00e9cnico de la Modalidad Rural y Proyecto de Mejoramiento de Escuelas Rurales (PROMER) elaboraron las consideraciones acerca de la evaluaci\u00f3n de los proyectos escolares productivos teniendo en cuenta los indicadores de evaluaci\u00f3n.<\/p>\n<p style=\"text-align: justify;\">As\u00ed tambi\u00e9n, la Direcci\u00f3n de Programas y Proyectos Educativos, Pol\u00edticas Socioeducativas ejecut\u00f3 lo propio en cuanto a la rendici\u00f3n de los fondos recibidos por las unidades educativas, especificaciones t\u00e9cnicas y legales.<\/p>\n<p style=\"text-align: justify;\">Al respecto, la subsecretaria de Educaci\u00f3n Anal\u00eda Heinzenreder explic\u00f3 que \u201cLa agenda abarca el posicionamiento de la educaci\u00f3n rural y los proyectos productivos de base local, qu\u00e9 es lo que cada comunidad puede trabajar, teniendo en cuenta el amplio territorio\u201d.<\/p>\n<p style=\"text-align: justify;\">\u201cEsta primera instancia b\u00e1sica est\u00e1 dirigida a los profesores de los ciclos b\u00e1sicos rurales, son escuelas secundarias en un \u00e1mbito rural, porque la oferta educativa es de primero a sexto a\u00f1o, ya tienen el orientado tambi\u00e9n, en cien ciclos b\u00e1sicos de los 174 CB que tenemos en la provincia.<\/p>\n<p style=\"text-align: justify;\">Significa que un alumno que ingresa a la escuela, pueda acceder a la secundaria cerca de su chacra, del lugar donde est\u00e1 su familia, es lo que hay que poner en valor\u201d precis\u00f3.<\/p>\n<p style=\"text-align: justify;\">Valoriz\u00f3 que \u201cCuando sea el momento de acceder a estudios superiores, que ya tengan 17 o 18 a\u00f1os, la familia pueda desprenderse con tranquilidad de su hijo, que se va a estudiar a otro lado, para despu\u00e9s regresar a su lugar\u201d.<\/p>\n","protected":false},"excerpt":{"rendered":"<p>La Coordinaci\u00f3n de Educaci\u00f3n de Modalidad Rural organiz\u00f3 el \u201cPrimer Encuentro de Capacitaci\u00f3n a Docentes<\/p>\n","protected":false},"author":3,"featured_media":13218,"comment_status":"open","ping_status":"open","sticky":false,"template":"","format":"standard","meta":{"footnotes":""},"categories":[1],"tags":[],"class_list":["post-13217","post","type-post","status-publish","format-standard","has-post-thumbnail","hentry","category-noticias"],"_links":{"self":[{"href":"https:\/\/24formosa.com.ar\/index.php?rest_route=\/wp\/v2\/posts\/13217","targetHints":{"allow":["GET"]}}],"collection":[{"href":"https:\/\/24formosa.com.ar\/index.php?rest_route=\/wp\/v2\/posts"}],"about":[{"href":"https:\/\/24formosa.com.ar\/index.php?rest_route=\/wp\/v2\/types\/post"}],"author":[{"embeddable":true,"href":"https:\/\/24formosa.com.ar\/index.php?rest_route=\/wp\/v2\/users\/3"}],"replies":[{"embeddable":true,"href":"https:\/\/24formosa.com.ar\/index.php?rest_route=%2Fwp%2Fv2%2Fcomments&post=13217"}],"version-history":[{"count":1,"href":"https:\/\/24formosa.com.ar\/index.php?rest_route=\/wp\/v2\/posts\/13217\/revisions"}],"predecessor-version":[{"id":48709,"href":"https:\/\/24formosa.com.ar\/index.php?rest_route=\/wp\/v2\/posts\/13217\/revisions\/48709"}],"wp:featuredmedia":[{"embeddable":true,"href":"https:\/\/24formosa.com.ar\/index.php?rest_route=\/wp\/v2\/media\/13218"}],"wp:attachment":[{"href":"https:\/\/24formosa.com.ar\/index.php?rest_route=%2Fwp%2Fv2%2Fmedia&parent=13217"}],"wp:term":[{"taxonomy":"category","embeddable":true,"href":"https:\/\/24formosa.com.ar\/index.php?rest_route=%2Fwp%2Fv2%2Fcategories&post=13217"},{"taxonomy":"post_tag","embeddable":true,"href":"https:\/\/24formosa.com.ar\/index.php?rest_route=%2Fwp%2Fv2%2Ftags&post=13217"}],"curies":[{"name":"wp","href":"https:\/\/api.w.org\/{rel}","templated":true}]}}