{"id":13213,"date":"2017-06-08T18:59:40","date_gmt":"2017-06-08T21:59:40","guid":{"rendered":"https:\/\/24formosa.com.ar\/?p=13213"},"modified":"2023-01-16T11:43:36","modified_gmt":"2023-01-16T14:43:36","slug":"cobran-pensiones-provinciales-con-30-de-aumento","status":"publish","type":"post","link":"https:\/\/24formosa.com.ar\/?p=13213","title":{"rendered":"Cobran pensiones provinciales con 30% de aumento"},"content":{"rendered":"<p style=\"text-align: justify;\">El titular del Instituto de Pensiones Sociales Hugo Arr\u00faa confirm\u00f3 que este jueves 8 de Junio estar\u00e1n cobrando los beneficiarios de pensiones sociales bancarizados ,con el 30% de aumento anunciado por el gobernador Gildo Insfr\u00e1n, y ma\u00f1ana 9 de Junio podr\u00e1n pasar por Tesorer\u00eda aquellos que a\u00fan no est\u00e9n bancarizados.<\/p>\n<p style=\"text-align: justify;\">De esta forma, el beneficio social se ubica en $3081. \u201cEs una ayuda social, no un sueldo, en consecuencia destinado a personas en condici\u00f3n vulnerable, por lo tanto el aumento del 30% es muy importante\u201d consider\u00f3 el funcionario.<\/p>\n<p style=\"text-align: justify;\">Destac\u00f3 que \u201cEs importante, mas en estos tiempos en que indudablemente estamos en una \u00e9poca dif\u00edcil, la realidad econ\u00f3mica del pa\u00eds, ataca a los sectores m\u00e1s vulnerables\u201d.<\/p>\n<p style=\"text-align: justify;\">Cont\u00f3 Arr\u00faa que \u201cEsta ma\u00f1ana vimos una triste realidad, en adultos mayores que fueron dados de baja en el ANSES por ser naturalizados, a pesar de que viven hace 50 a\u00f1os en la provincia\u201d y alert\u00f3 que \u201c eso tendr\u00e1 seguramente repercusiones, son muchos, seguramente el IPS saldr\u00e1 a auxiliarlos, porque son abuelos nuestros. El gobierno siempre debe tener la cobertura para lograr que est\u00e9n contenidos, con provisi\u00f3n de alimentos, la bolsa de mercader\u00eda y los programas espec\u00edficos que permite atenderlos, para que tengan un pasar un poco mejor\u201d.<\/p>\n<p style=\"text-align: justify;\">Advirti\u00f3 Arr\u00faa que \u201cNo es que uno quiera politizar la situaci\u00f3n, pero ser objetivo con lo que sucede, hay conceptos ideol\u00f3gicos que se aplican, cada gobierno usa el suyo. En este caso tenemos un profundo sentido de atenci\u00f3n social, como peronistas que somos, como dice el gobernador siempre, todo nuestro trabajo, los programas, tienen al hombre de carne y hueso como tal, y priorizamos eso.\u201d<\/p>\n<p style=\"text-align: justify;\">Record\u00f3 que toda esta situaci\u00f3n de baja de beneficios jubilatorios nacen tras las denuncias televisivas del ex intendente radical Gabriel Hern\u00e1ndez.<\/p>\n<p style=\"text-align: justify;\">\u201cA partir de all\u00ed donde aparezca un ciudadano que tenga como documento que en su momento adquiri\u00f3 la ciudadan\u00eda, ya autom\u00e1ticamente, es dado de baja. Les dio el pretexto perfecto para sacarles los beneficios a gente de Formosa\u201d se lament\u00f3.<\/p>\n<p style=\"text-align: justify;\">\u201c Por eso siempre me pregunto qu\u00e9 clase de formose\u00f1os son que van en contra de algo tan sublime que son nuestros abuelos, que en su momento de juventud no exist\u00edan estos beneficios, aparecieron con N\u00e9stor Kirchner, y ahora que pueden tener una obra social, se los quieren quitar, con el dolor que eso significa\u201d reflexion\u00f3.<\/p>\n<p style=\"text-align: justify;\">Cont\u00f3 Arr\u00faa que \u201cEn el programa Por Nuestra Gente todo, hemos entregado el carnet a una abuela de 86 a\u00f1os, es una de las que ha perdido su beneficio, y no pudo recuperarlo, nosotros desde el gobierno salimos al cruce, es menos de lo que ten\u00eda, pero es una forma de darle un auxilio provincial\u201d.<\/p>\n","protected":false},"excerpt":{"rendered":"<p>El titular del Instituto de Pensiones Sociales Hugo Arr\u00faa confirm\u00f3 que este jueves 8 de<\/p>\n","protected":false},"author":3,"featured_media":13214,"comment_status":"open","ping_status":"open","sticky":false,"template":"","format":"standard","meta":{"footnotes":""},"categories":[1],"tags":[],"class_list":["post-13213","post","type-post","status-publish","format-standard","has-post-thumbnail","hentry","category-noticias"],"_links":{"self":[{"href":"https:\/\/24formosa.com.ar\/index.php?rest_route=\/wp\/v2\/posts\/13213","targetHints":{"allow":["GET"]}}],"collection":[{"href":"https:\/\/24formosa.com.ar\/index.php?rest_route=\/wp\/v2\/posts"}],"about":[{"href":"https:\/\/24formosa.com.ar\/index.php?rest_route=\/wp\/v2\/types\/post"}],"author":[{"embeddable":true,"href":"https:\/\/24formosa.com.ar\/index.php?rest_route=\/wp\/v2\/users\/3"}],"replies":[{"embeddable":true,"href":"https:\/\/24formosa.com.ar\/index.php?rest_route=%2Fwp%2Fv2%2Fcomments&post=13213"}],"version-history":[{"count":1,"href":"https:\/\/24formosa.com.ar\/index.php?rest_route=\/wp\/v2\/posts\/13213\/revisions"}],"predecessor-version":[{"id":50233,"href":"https:\/\/24formosa.com.ar\/index.php?rest_route=\/wp\/v2\/posts\/13213\/revisions\/50233"}],"wp:featuredmedia":[{"embeddable":true,"href":"https:\/\/24formosa.com.ar\/index.php?rest_route=\/wp\/v2\/media\/13214"}],"wp:attachment":[{"href":"https:\/\/24formosa.com.ar\/index.php?rest_route=%2Fwp%2Fv2%2Fmedia&parent=13213"}],"wp:term":[{"taxonomy":"category","embeddable":true,"href":"https:\/\/24formosa.com.ar\/index.php?rest_route=%2Fwp%2Fv2%2Fcategories&post=13213"},{"taxonomy":"post_tag","embeddable":true,"href":"https:\/\/24formosa.com.ar\/index.php?rest_route=%2Fwp%2Fv2%2Ftags&post=13213"}],"curies":[{"name":"wp","href":"https:\/\/api.w.org\/{rel}","templated":true}]}}