{"id":13210,"date":"2017-06-07T19:05:47","date_gmt":"2017-06-07T22:05:47","guid":{"rendered":"https:\/\/24formosa.com.ar\/?p=13210"},"modified":"2023-01-16T11:31:05","modified_gmt":"2023-01-16T14:31:05","slug":"primer-encuentro-de-capacitacion-a-docentes-de-ciclos-secundarios-de-modalidad-rural","status":"publish","type":"post","link":"https:\/\/24formosa.com.ar\/?p=13210","title":{"rendered":"Primer Encuentro de Capacitaci\u00f3n a Docentes de Ciclos Secundarios de Modalidad Rural"},"content":{"rendered":"<p style=\"text-align: justify;\">La Coordinaci\u00f3n de Educaci\u00f3n de Modalidad Rural estar\u00e1 llevando a cabo el \u201cPrimer Encuentro de Capacitaci\u00f3n a Docentes de Ciclos Secundarios de Modalidad Rural\u201d.<\/p>\n<p style=\"text-align: justify;\">El mismo, se concretar\u00e1 este jueves 8 de junio en las\u00a0 instalaciones de la E.P.E.P. N\u00ba 66 \u201cJos\u00e9 Manuel Estrada\u201d cuyos temas principales girar\u00e1n en torno a\u00a0 orientar el dise\u00f1o y ejecuci\u00f3n de los instrumentos para la indagaci\u00f3n de la realidad rural, guiar en la formulaci\u00f3n para la ejecuci\u00f3n y rendici\u00f3n de los Proyectos Escolares Productivos de Base Local 2017.<\/p>\n<p style=\"text-align: justify;\">Los responsables a cargo de llevar adelante la capacitaci\u00f3n son los Prof. Gerardo Bacalini y Lic. Sabina Bacalini quienes har\u00e1n la presentaci\u00f3n de los momentos a tener en cuenta en el Diagn\u00f3stico Rural Participativo donde se trabajar\u00e1n en cuatro comisiones para analizar experiencias de Proyectos Escolares Productivos de Base Local seg\u00fan indicadores del Diagn\u00f3stico Rural Participativo, reformulaci\u00f3n de las propuestas y el dise\u00f1o de un plan de acci\u00f3n. Por su parte, el Equipo T\u00e9cnico de la Modalidad Rural y Proyecto de Mejoramiento de Escuelas Rurales (PROMER) elaborar\u00e1n las consideraciones acerca de la evaluaci\u00f3n de los proyectos escolares productivos teniendo en cuenta los indicadores de evaluaci\u00f3n. As\u00ed tambi\u00e9n, la Direcci\u00f3n de Programas y Proyectos Educativos, Pol\u00edticas Socioeducativas ejecutar\u00e1 lo propio en cuanto a la rendici\u00f3n de los fondos recibidos por las unidades educativas, especificaciones t\u00e9cnicas y legales.<\/p>\n","protected":false},"excerpt":{"rendered":"<p>La Coordinaci\u00f3n de Educaci\u00f3n de Modalidad Rural estar\u00e1 llevando a cabo el \u201cPrimer Encuentro de<\/p>\n","protected":false},"author":3,"featured_media":13211,"comment_status":"open","ping_status":"open","sticky":false,"template":"","format":"standard","meta":{"footnotes":""},"categories":[1],"tags":[],"class_list":["post-13210","post","type-post","status-publish","format-standard","has-post-thumbnail","hentry","category-noticias"],"_links":{"self":[{"href":"https:\/\/24formosa.com.ar\/index.php?rest_route=\/wp\/v2\/posts\/13210","targetHints":{"allow":["GET"]}}],"collection":[{"href":"https:\/\/24formosa.com.ar\/index.php?rest_route=\/wp\/v2\/posts"}],"about":[{"href":"https:\/\/24formosa.com.ar\/index.php?rest_route=\/wp\/v2\/types\/post"}],"author":[{"embeddable":true,"href":"https:\/\/24formosa.com.ar\/index.php?rest_route=\/wp\/v2\/users\/3"}],"replies":[{"embeddable":true,"href":"https:\/\/24formosa.com.ar\/index.php?rest_route=%2Fwp%2Fv2%2Fcomments&post=13210"}],"version-history":[{"count":1,"href":"https:\/\/24formosa.com.ar\/index.php?rest_route=\/wp\/v2\/posts\/13210\/revisions"}],"predecessor-version":[{"id":48710,"href":"https:\/\/24formosa.com.ar\/index.php?rest_route=\/wp\/v2\/posts\/13210\/revisions\/48710"}],"wp:featuredmedia":[{"embeddable":true,"href":"https:\/\/24formosa.com.ar\/index.php?rest_route=\/wp\/v2\/media\/13211"}],"wp:attachment":[{"href":"https:\/\/24formosa.com.ar\/index.php?rest_route=%2Fwp%2Fv2%2Fmedia&parent=13210"}],"wp:term":[{"taxonomy":"category","embeddable":true,"href":"https:\/\/24formosa.com.ar\/index.php?rest_route=%2Fwp%2Fv2%2Fcategories&post=13210"},{"taxonomy":"post_tag","embeddable":true,"href":"https:\/\/24formosa.com.ar\/index.php?rest_route=%2Fwp%2Fv2%2Ftags&post=13210"}],"curies":[{"name":"wp","href":"https:\/\/api.w.org\/{rel}","templated":true}]}}