{"id":12881,"date":"2017-05-10T19:38:32","date_gmt":"2017-05-10T22:38:32","guid":{"rendered":"https:\/\/24formosa.com.ar\/?p=12881"},"modified":"2023-01-16T11:43:43","modified_gmt":"2023-01-16T14:43:43","slug":"basterra-el-fallo-de-la-corte-fue-contrario-al-sentido-comun","status":"publish","type":"post","link":"https:\/\/24formosa.com.ar\/?p=12881","title":{"rendered":"Basterra: \u201cEl fallo de la Corte fue contrario al sentido com\u00fan\u201d"},"content":{"rendered":"<p style=\"text-align: justify;\">Con acuerdo de todos los bloques y la presencia de Madres y Abuelas de Plaza de Mayo, la C\u00e1mara baja reaccion\u00f3 a la decisi\u00f3n del m\u00e1ximo tribunal con un proyecto para que el beneficio del 2&#215;1 no sea aplicable a los delitos de lesa humanidad. S\u00f3lo el legislador salte\u00f1o Alfredo Olmedo vot\u00f3 en contra.<\/p>\n<p style=\"text-align: justify;\">Para el diputado nacional Luis Basterra (FPV-Formosa) fue una sesi\u00f3n emocionante porque gener\u00f3 un \u201cmovimiento de conciencia entre los legisladores\u201d y fustig\u00f3 el fallo de la Corte, contrario al sentido com\u00fan.<\/p>\n<p style=\"text-align: justify;\">\u201cFue un fallo contrario a toda la tradici\u00f3n de la Rep\u00fablica Argentina en materia de derechos humanos, contrario al sentido com\u00fan, basado en argumento leguleyos para justificar el inter\u00e9s de Macri de estigmatizar lo que fue este compromiso con la vida que s la lucha por los derechos humanos, ayer se les cay\u00f3 y qued\u00f3 desnuda su intencionalidad\u201d asegur\u00f3.<\/p>\n<p style=\"text-align: justify;\">Dijo adem\u00e1s que \u201cEl oficialismo tuvo que ajustarse a esta demanda que es del conjunto de los argentinos para rechazar la interpretaci\u00f3n leguleya que hizo la Corte Suprema para aplicarle el beneficio del 2&#215;1\u201d.<\/p>\n<p style=\"text-align: justify;\">Agreg\u00f3 que \u201cLa ley que aprobamos en Diputados y que estamos seguros que aprobar\u00e1n en el Senado, determina que la Corte no tiene una interpretaci\u00f3n abstracta, que debe ajustar sus fallos a que el 2&#215;1 no es aplicable a los condenados por delitos de lesa humanidad\u201d.<\/p>\n<p style=\"text-align: justify;\">\u201cEl fallo que dieron, favorable la aplicaci\u00f3n del 2&#215;1 deber\u00e1 ser recurrido ante la Corte Iberoamericana de Derechos Humanos, en Argentina ya no se puede hacer nada, ese represor va andar libre por las calles, hasta que alguna vez, la Corte Iberoamericana diga que debe volver a la c\u00e1rcel\u201d.<\/p>\n<p style=\"text-align: justify;\">Basterra destac\u00f3 que Ra\u00fal Alfons\u00edn hizo una argumentaci\u00f3n contundente de lo oprobioso que fue el fallo de la Corte: \u201cEso nos alienta a tener esperanzas de que dejar\u00e1n de estar muchos radicales operando o para un cargo propio o para los grandes intereses concentrados, y tomar\u00e1n la senda desde su identidad popular para aportar a la construcci\u00f3n de una Argentina libre, justa y soberana\u201d asegur\u00f3.<\/p>\n<p style=\"text-align: justify;\"><strong>Marcha<\/strong><\/p>\n<p style=\"text-align: justify;\">Cabe recordar que \u00f1a marcha en Formosa en repudio al Fallo de la Corte Suprema de la Naci\u00f3n, que beneficia a los genocidas condenados en los juicios de lesa humanidad de todo el pa\u00eds, se realizar\u00e1 hoy mi\u00e9rcoles 10 de Mayo, a las 18 hrs, en la Plaza San Mart\u00edn de nuestra ciudad.<\/p>\n<p style=\"text-align: justify;\">La movilizaci\u00f3n es convocada por organismos de derechos humanos, organizaciones de la sociedad civil y partidos pol\u00edticos de nuestra Provincia.<\/p>\n<p style=\"text-align: justify;\">Convocan y adhieren: Asamblea Permanente por los Derechos Humanos Regional Formosa, Liga Argentina por los Derechos del Hombre, C\u00e1tedra Abierta por los Derechos Humanos de la UNAF, ATE_CTA, H.i.j.o.s Formosa, Red Abuelas de Plaza de Mayo (Nodo Formosa), Familiares y Ex presos pol\u00edticos, La Colectiva, La C\u00e1mpora, Partido Comunista Argentino, Partido de los Trabajadores Socialistas, Pan y Rosas, \u00d1ande Cuera, Biblioteca Santiago Renevot, Espacio Psicoaldea, Movimiento Victoria A.P.R., \u00d1ande Roga Guaz\u00fa (Clorinda), Comit\u00e9 por la libertad de Milagro Sala, ADUFOR, Espacio Cultural Independiente La Mandinga.<\/p>\n","protected":false},"excerpt":{"rendered":"<p>Con acuerdo de todos los bloques y la presencia de Madres y Abuelas de Plaza<\/p>\n","protected":false},"author":3,"featured_media":12882,"comment_status":"open","ping_status":"open","sticky":false,"template":"","format":"standard","meta":{"footnotes":""},"categories":[1],"tags":[],"class_list":["post-12881","post","type-post","status-publish","format-standard","has-post-thumbnail","hentry","category-noticias"],"_links":{"self":[{"href":"https:\/\/24formosa.com.ar\/index.php?rest_route=\/wp\/v2\/posts\/12881","targetHints":{"allow":["GET"]}}],"collection":[{"href":"https:\/\/24formosa.com.ar\/index.php?rest_route=\/wp\/v2\/posts"}],"about":[{"href":"https:\/\/24formosa.com.ar\/index.php?rest_route=\/wp\/v2\/types\/post"}],"author":[{"embeddable":true,"href":"https:\/\/24formosa.com.ar\/index.php?rest_route=\/wp\/v2\/users\/3"}],"replies":[{"embeddable":true,"href":"https:\/\/24formosa.com.ar\/index.php?rest_route=%2Fwp%2Fv2%2Fcomments&post=12881"}],"version-history":[{"count":1,"href":"https:\/\/24formosa.com.ar\/index.php?rest_route=\/wp\/v2\/posts\/12881\/revisions"}],"predecessor-version":[{"id":50289,"href":"https:\/\/24formosa.com.ar\/index.php?rest_route=\/wp\/v2\/posts\/12881\/revisions\/50289"}],"wp:featuredmedia":[{"embeddable":true,"href":"https:\/\/24formosa.com.ar\/index.php?rest_route=\/wp\/v2\/media\/12882"}],"wp:attachment":[{"href":"https:\/\/24formosa.com.ar\/index.php?rest_route=%2Fwp%2Fv2%2Fmedia&parent=12881"}],"wp:term":[{"taxonomy":"category","embeddable":true,"href":"https:\/\/24formosa.com.ar\/index.php?rest_route=%2Fwp%2Fv2%2Fcategories&post=12881"},{"taxonomy":"post_tag","embeddable":true,"href":"https:\/\/24formosa.com.ar\/index.php?rest_route=%2Fwp%2Fv2%2Ftags&post=12881"}],"curies":[{"name":"wp","href":"https:\/\/api.w.org\/{rel}","templated":true}]}}