{"id":12785,"date":"2017-05-02T20:54:46","date_gmt":"2017-05-02T23:54:46","guid":{"rendered":"https:\/\/24formosa.com.ar\/?p=12785"},"modified":"2023-01-16T11:37:19","modified_gmt":"2023-01-16T14:37:19","slug":"presentan-resultados-del-plan-estrategico-de-desarrollo-turistico-formosa-2020","status":"publish","type":"post","link":"https:\/\/24formosa.com.ar\/?p=12785","title":{"rendered":"Presentan resultados del Plan Estrat\u00e9gico de Desarrollo Tur\u00edstico Formosa 2020"},"content":{"rendered":"<p style=\"text-align: justify;\">El gobierno provincial a trav\u00e9s del ministerio de Turismo y el Consejo Federal de Inversiones (CFI) presentara este jueves el \u201cDise\u00f1o Estrat\u00e9gico de Gesti\u00f3n del Desarrollo Tur\u00edstico Formosa 2020\u201d. El acto tendr\u00e1 lugar a las 11 en el Sal\u00f3n \u201cLapacho\u201d del Hotel Howard Johnson de nuestra ciudad.<\/p>\n<p style=\"text-align: justify;\">Altas autoridades provinciales y municipales, gestores tur\u00edsticos del \u00e1mbito p\u00fablico y privado y comunidad formose\u00f1a en general fueron invitadas a participar de este acto.<\/p>\n<p style=\"text-align: justify;\">Fue se\u00f1alado que este plan es el producto de un trabajo te\u00f3rico-pr\u00e1ctico exhaustivo realizado durante el 2016 y parte del corriente a\u00f1o por un equipo de consultores externos del CFI quienes recorrieron la Provincia junto con un equipo interdisciplinario local del Ministerio de Turismo a los fines de realizar un diagn\u00f3stico riguroso de la actividadque posteriormente permita establecer l\u00edneas estrat\u00e9gicas de acci\u00f3n concretas y operativas para los emprendedores tur\u00edsticos de cara a los pr\u00f3ximos 10 a\u00f1os.<\/p>\n<p style=\"text-align: justify;\">El Ministro de Turismo, Lic. Ramiro Fern\u00e1ndez Patri, se\u00f1al\u00f3 que \u201cel trabajo realizado parte del entendimiento del turismo como factor de empleo y de mejora de la vida de sus habitantes en el marco del respeto por las identidades locales, la armon\u00eda de sus comunidades, la sustentabilidad en t\u00e9rminos ambientales, pol\u00edticos y econ\u00f3micos, logrando en \u00faltima instancia consolidar el posicionamiento y competitividad de la Provincia como destino tur\u00edstico\u201d.<\/p>\n<p style=\"text-align: justify;\">Asimismo, remarc\u00f3 que \u201cesta presentaci\u00f3n formal viene a marcar un nuevo inicio en el camino tur\u00edstico que ya venimos trazando a trav\u00e9s de la conducci\u00f3n del gobernador GildoInsfr\u00e1n, quien el pasado 1 de marzo de 2016 en su discurso inaugural de las sesiones ordinarias de la C\u00e1mara d Diputados anunci\u00f3 el desarrollo de este Plan, con un horizonte claro que es la inclusi\u00f3n de cada vez m\u00e1s formose\u00f1os al sistema productivo y sinti\u00e9ndonos orgullosos de nuestros recursos para poder mostrarlos de la manera m\u00e1s eficiente y eficaz a los turistas que nos visiten\u201d.<\/p>\n<p style=\"text-align: justify;\">Cabe aclarar adem\u00e1s que la exposici\u00f3n de los resultadosdel Dise\u00f1o Estrat\u00e9gico estar\u00e1 a cargo de los autores y colaboradores del mismo e incluye las inversiones a realizar, la legislaci\u00f3n a proponer en materia tur\u00edstica y un plan integral de capacitaci\u00f3n de recursos humanos y de promoci\u00f3n del destino seg\u00fan cada una de las regiones tur\u00edsticas, entre otros aspectos.<\/p>\n","protected":false},"excerpt":{"rendered":"<p>El gobierno provincial a trav\u00e9s del ministerio de Turismo y el Consejo Federal de Inversiones<\/p>\n","protected":false},"author":3,"featured_media":12786,"comment_status":"open","ping_status":"open","sticky":false,"template":"","format":"standard","meta":{"footnotes":""},"categories":[1],"tags":[],"class_list":["post-12785","post","type-post","status-publish","format-standard","has-post-thumbnail","hentry","category-noticias"],"_links":{"self":[{"href":"https:\/\/24formosa.com.ar\/index.php?rest_route=\/wp\/v2\/posts\/12785","targetHints":{"allow":["GET"]}}],"collection":[{"href":"https:\/\/24formosa.com.ar\/index.php?rest_route=\/wp\/v2\/posts"}],"about":[{"href":"https:\/\/24formosa.com.ar\/index.php?rest_route=\/wp\/v2\/types\/post"}],"author":[{"embeddable":true,"href":"https:\/\/24formosa.com.ar\/index.php?rest_route=\/wp\/v2\/users\/3"}],"replies":[{"embeddable":true,"href":"https:\/\/24formosa.com.ar\/index.php?rest_route=%2Fwp%2Fv2%2Fcomments&post=12785"}],"version-history":[{"count":1,"href":"https:\/\/24formosa.com.ar\/index.php?rest_route=\/wp\/v2\/posts\/12785\/revisions"}],"predecessor-version":[{"id":49410,"href":"https:\/\/24formosa.com.ar\/index.php?rest_route=\/wp\/v2\/posts\/12785\/revisions\/49410"}],"wp:featuredmedia":[{"embeddable":true,"href":"https:\/\/24formosa.com.ar\/index.php?rest_route=\/wp\/v2\/media\/12786"}],"wp:attachment":[{"href":"https:\/\/24formosa.com.ar\/index.php?rest_route=%2Fwp%2Fv2%2Fmedia&parent=12785"}],"wp:term":[{"taxonomy":"category","embeddable":true,"href":"https:\/\/24formosa.com.ar\/index.php?rest_route=%2Fwp%2Fv2%2Fcategories&post=12785"},{"taxonomy":"post_tag","embeddable":true,"href":"https:\/\/24formosa.com.ar\/index.php?rest_route=%2Fwp%2Fv2%2Ftags&post=12785"}],"curies":[{"name":"wp","href":"https:\/\/api.w.org\/{rel}","templated":true}]}}