{"id":12727,"date":"2017-04-27T00:21:34","date_gmt":"2017-04-27T03:21:34","guid":{"rendered":"https:\/\/24formosa.com.ar\/?p=12727"},"modified":"2023-01-16T11:43:46","modified_gmt":"2023-01-16T14:43:46","slug":"el-gobierno-nacional-elimino-programas-que-beneficiaban-a-los-pueblos-originarios","status":"publish","type":"post","link":"https:\/\/24formosa.com.ar\/?p=12727","title":{"rendered":"\u201cEl gobierno nacional elimin\u00f3 programas que beneficiaban a los pueblos originarios\u201d"},"content":{"rendered":"<p style=\"text-align: justify;\">El presidente del bloque de diputados del PJ, Agust\u00edn Samaniego, expuso en detalles los proyectos y programas eliminados o recortados por el gobierno nacional que afectan a sectores sociales sensibles de la provincia, entre ellos subrayo los que beneficiaban a las comunidades abor\u00edgenes hoy dejados a un lado. Incluso advirti\u00f3 que en la \u00faltima sesi\u00f3n del Senado, el jefe de Gabinete de la Naci\u00f3n, Marcos Pe\u00f1a, \u201cno dio respuestas satisfactorias a la gran cantidad de temas que le fueron planteados y son sensibles para el desarrollo de nuestra provincia\u201d.<\/p>\n<p style=\"text-align: justify;\">Refiri\u00f3 justamente que \u201celudi\u00f3 temas centrales como la continuidad de obras de pavimentaci\u00f3n, la paralizaci\u00f3n de la construcci\u00f3n de las redes domiciliarias de gas a los pueblos por donde atraviesa el gasoducto, y la exasperante lentitud de los desembolsos de las transferencias para los proyectos de construcci\u00f3n de viviendas y, el recorte de los cupos habitacionales ya asignados anteriormente. A esto se le suman otras decisiones de directo impacto a sectores sociales muy sensibles, como es el caso de los pueblos abor\u00edgenes, dado que se eliminaron programas espec\u00edficos destinados a las comunidades ind\u00edgenas\u201d.<\/p>\n<p style=\"text-align: justify;\">Expuso que \u201cel Jefe de Gabinete Pe\u00f1a no respondi\u00f3 en absoluto nada sobre todo esto, y en algunos casos hasta \u201cninguneo\u201d al momento de responder el planteo que se le hizo en el recinto\u201d.<\/p>\n<p style=\"text-align: justify;\">Afirmo Samaniego que \u201cel blindaje medi\u00e1tico que protege a muchos funcionarios nacionales impide ver con claridad lo que est\u00e1 pasando, y lo que es peor, imposibilita a la opini\u00f3n p\u00fablica participar adecuadamente \u00a0con informaci\u00f3n veraz\u201d. Expuso a modo de ejemplo que \u201cde los temas fundamentales que expuse antes no se dijo absolutamente nada. Armaron titulares grandilocuentes, caracteriz\u00e1ndose como v\u00edctimas, acerca de una supuesta amenaza que no fue tal acerca de que este gobierno si no cambia podr\u00eda terminar como el de la Alianza, todo con tal de tapar la cruel realidad\u201d.<\/p>\n<p><strong>Fin de viviendas rurales y abor\u00edgenes<\/strong><\/p>\n<p style=\"text-align: justify;\">Insisti\u00f3 en subrayar que \u201cnada aclaran cuando se les pide explicaci\u00f3n del porque dejaron de financiar proyectos para viviendas rurales y abor\u00edgenes. Pero lo real y concreto es que el \u201cPrograma Federal de Vivienda y Mejoramiento del H\u00e1bitat de Pueblos Originarios y Rurales\u201d que depend\u00eda de la subsecretaria de Desarrollo Urbano y Vivienda del ex ministerio de Planificaci\u00f3n Federal, fue dejado sin efecto y no hay nada que lo sustituya: Esta claro el desinter\u00e9s a los derechos de los pueblos abor\u00edgenes\u201d.<\/p>\n<p style=\"text-align: justify;\">El legislador amplio sobre el tema se\u00f1alando que \u201cla \u00fanica verdad es la realidad, y hasta el momento no se ha instrumentado ninguna licitaci\u00f3n que contemple las viviendas para abor\u00edgenes en la provincia de Formosa. Y a modo informativo expongo que desde el 2016 se han presentando proyectos para ejecutar al menos un millar de viviendas para este sector\u201d.<\/p>\n<p style=\"text-align: justify;\">Sobre el final indico que \u201cestos temas planteados son en general realidades palpables en las provincias, ya que existen particularidades como nuestro caso con los pueblos originarios. Pero el com\u00fan denominador pasa por decisiones nacionales que est\u00e1n resintiendo el entramado social, productivo o econ\u00f3mico, porque afectan directamente de que muchas familias accedan a derechos como la salud o vivienda como en este caso; y porque estas determinaciones adoptadas unilateralmente por un gobierno sin visi\u00f3n federal, dejan a muchos sin una fuente de trabajo digna\u201d.<\/p>\n","protected":false},"excerpt":{"rendered":"<p>El presidente del bloque de diputados del PJ, Agust\u00edn Samaniego, expuso en detalles los proyectos<\/p>\n","protected":false},"author":3,"featured_media":12728,"comment_status":"open","ping_status":"open","sticky":false,"template":"","format":"standard","meta":{"footnotes":""},"categories":[1],"tags":[],"class_list":["post-12727","post","type-post","status-publish","format-standard","has-post-thumbnail","hentry","category-noticias"],"_links":{"self":[{"href":"https:\/\/24formosa.com.ar\/index.php?rest_route=\/wp\/v2\/posts\/12727","targetHints":{"allow":["GET"]}}],"collection":[{"href":"https:\/\/24formosa.com.ar\/index.php?rest_route=\/wp\/v2\/posts"}],"about":[{"href":"https:\/\/24formosa.com.ar\/index.php?rest_route=\/wp\/v2\/types\/post"}],"author":[{"embeddable":true,"href":"https:\/\/24formosa.com.ar\/index.php?rest_route=\/wp\/v2\/users\/3"}],"replies":[{"embeddable":true,"href":"https:\/\/24formosa.com.ar\/index.php?rest_route=%2Fwp%2Fv2%2Fcomments&post=12727"}],"version-history":[{"count":1,"href":"https:\/\/24formosa.com.ar\/index.php?rest_route=\/wp\/v2\/posts\/12727\/revisions"}],"predecessor-version":[{"id":50314,"href":"https:\/\/24formosa.com.ar\/index.php?rest_route=\/wp\/v2\/posts\/12727\/revisions\/50314"}],"wp:featuredmedia":[{"embeddable":true,"href":"https:\/\/24formosa.com.ar\/index.php?rest_route=\/wp\/v2\/media\/12728"}],"wp:attachment":[{"href":"https:\/\/24formosa.com.ar\/index.php?rest_route=%2Fwp%2Fv2%2Fmedia&parent=12727"}],"wp:term":[{"taxonomy":"category","embeddable":true,"href":"https:\/\/24formosa.com.ar\/index.php?rest_route=%2Fwp%2Fv2%2Fcategories&post=12727"},{"taxonomy":"post_tag","embeddable":true,"href":"https:\/\/24formosa.com.ar\/index.php?rest_route=%2Fwp%2Fv2%2Ftags&post=12727"}],"curies":[{"name":"wp","href":"https:\/\/api.w.org\/{rel}","templated":true}]}}