{"id":12714,"date":"2017-04-25T18:45:19","date_gmt":"2017-04-25T21:45:19","guid":{"rendered":"https:\/\/24formosa.com.ar\/?p=12714"},"modified":"2023-01-16T11:43:46","modified_gmt":"2023-01-16T14:43:46","slug":"el-gobierno-dono-materiales-al-instituto-alberto-albertazzi","status":"publish","type":"post","link":"https:\/\/24formosa.com.ar\/?p=12714","title":{"rendered":"El gobierno don\u00f3 materiales al Instituto \u201cAlberto Albertazzi\u201d"},"content":{"rendered":"<p style=\"text-align: justify;\">El gobierno provincial, a trav\u00e9s del Instituto de Asistencia Social (IAS) realiz\u00f3 donaciones de materiales al establecimiento educativo, con el fin de que los estudiantes los utilicen para sus creaciones y a la vez se reparen las obras que est\u00e1n en el Instituto en el marco del 30\u00b0aniversario del mismo.<\/p>\n<p style=\"text-align: justify;\">\u201cEstamos realizando la entrega de materiales e insumos como una manera de devolver la colaboraci\u00f3n que ha tenido siempre el Instituto para las diferentes actividades que proponemos desde el IAS, principalmente en las actividades culturales, recreativas que engloban a los distintos estudiantes, artistas, docentes del instituto, generando actividad en los espacios que apadrina el IAS, un ejemplo de estas actividades son la construcci\u00f3n de los murales, las esculturas que se encuentran en las distintas plazoletas, todas expresiones art\u00edsticas que ayudan a embellecer a la ciudad y a demostrar que la gran calidad que tienen los egresados del instituto\u201d se\u00f1al\u00f3 el titular del IAS, Edgar P\u00e9rez.<\/p>\n<p style=\"text-align: justify;\">Por su parte, el profesor Sergio Irala director del Instituto Albertazzi brind\u00f3 mas detalles y agradeci\u00f3 la presencia del titular del IAS.<\/p>\n<p style=\"text-align: justify;\">\u201cHemos recibido varios insumos para utilizarlos en las diferentes actividades que tenemos pensadas como parte del festejo por los 30 a\u00f1os del Instituto. Tenemos pensado realizar murales aleg\u00f3ricos a la historia del Instituto y a la identidad de nuestro lugar.\u201d<\/p>\n<p style=\"text-align: justify;\">Entre los insumos donados se pueden encontrar diversos materiales indispensables para las actividades que llevan a cabo los estudiantes del establecimiento; pintura, pinceles, lijas, etc.<\/p>\n<p style=\"text-align: justify;\">Con respecto a la historia de la creaci\u00f3n del Instituto Irala record\u00f3: \u201cLa conformaci\u00f3n del Instituto se da a partir de la uni\u00f3n de dos ra\u00edces, la Escuela de Bellas Artes y el Instituto Superior de M\u00fasica, el 29 de abril del a\u00f1o 1987 comenzamos a funcionar de manera conjunto con la propuesta de artes visuales y m\u00fasica\u201d.<\/p>\n<p style=\"text-align: justify;\">Actualmente el Instituto Albertazzi cuenta con una cartelera muy variada en cuanto a las carreras que dicta, adem\u00e1s del profesorado de m\u00fasica y el profesorado en artes visuales, los interesados pueden cursar la tecnicatura de dise\u00f1o grafico, la carrera de m\u00fasico social y a partir del a\u00f1o entrante volver\u00e1 a funcionar el profesorado en teatro luego de la actualizaci\u00f3n del plan de estudios. Actualmente, cursan estudios 900 alumnos.<\/p>\n<p style=\"text-align: justify;\">El d\u00eda jueves 27 de abril se realizar\u00e1 el acto acad\u00e9mico del Instituto Albertazzi, se hace extensiva la invitaci\u00f3n a toda la poblaci\u00f3n.<\/p>\n<p style=\"text-align: justify;\">El acto se realizar\u00e1 en el Teatro de la ciudad, el mismo se encuentra lindante al Instituto, durante el acto los asistentes podr\u00e1n disfrutar de exposiciones de m\u00fasica, ares visuales, dise\u00f1os.<\/p>\n<p style=\"text-align: justify;\">El d\u00eda viernes 29 de abril a partir de las 20:00 horas se realizar\u00e1 una serenata en la sede del Instituto con el fin de esperar las 00:00 horas y as\u00ed poder festejar los 30 a\u00f1os de vida que cumple una de las casas de estudios m\u00e1s importante de la provincia.<\/p>\n","protected":false},"excerpt":{"rendered":"<p>El gobierno provincial, a trav\u00e9s del Instituto de Asistencia Social (IAS) realiz\u00f3 donaciones de materiales<\/p>\n","protected":false},"author":3,"featured_media":12715,"comment_status":"open","ping_status":"open","sticky":false,"template":"","format":"standard","meta":{"footnotes":""},"categories":[1],"tags":[],"class_list":["post-12714","post","type-post","status-publish","format-standard","has-post-thumbnail","hentry","category-noticias"],"_links":{"self":[{"href":"https:\/\/24formosa.com.ar\/index.php?rest_route=\/wp\/v2\/posts\/12714","targetHints":{"allow":["GET"]}}],"collection":[{"href":"https:\/\/24formosa.com.ar\/index.php?rest_route=\/wp\/v2\/posts"}],"about":[{"href":"https:\/\/24formosa.com.ar\/index.php?rest_route=\/wp\/v2\/types\/post"}],"author":[{"embeddable":true,"href":"https:\/\/24formosa.com.ar\/index.php?rest_route=\/wp\/v2\/users\/3"}],"replies":[{"embeddable":true,"href":"https:\/\/24formosa.com.ar\/index.php?rest_route=%2Fwp%2Fv2%2Fcomments&post=12714"}],"version-history":[{"count":1,"href":"https:\/\/24formosa.com.ar\/index.php?rest_route=\/wp\/v2\/posts\/12714\/revisions"}],"predecessor-version":[{"id":50315,"href":"https:\/\/24formosa.com.ar\/index.php?rest_route=\/wp\/v2\/posts\/12714\/revisions\/50315"}],"wp:featuredmedia":[{"embeddable":true,"href":"https:\/\/24formosa.com.ar\/index.php?rest_route=\/wp\/v2\/media\/12715"}],"wp:attachment":[{"href":"https:\/\/24formosa.com.ar\/index.php?rest_route=%2Fwp%2Fv2%2Fmedia&parent=12714"}],"wp:term":[{"taxonomy":"category","embeddable":true,"href":"https:\/\/24formosa.com.ar\/index.php?rest_route=%2Fwp%2Fv2%2Fcategories&post=12714"},{"taxonomy":"post_tag","embeddable":true,"href":"https:\/\/24formosa.com.ar\/index.php?rest_route=%2Fwp%2Fv2%2Ftags&post=12714"}],"curies":[{"name":"wp","href":"https:\/\/api.w.org\/{rel}","templated":true}]}}