{"id":12710,"date":"2017-04-25T18:38:33","date_gmt":"2017-04-25T21:38:33","guid":{"rendered":"https:\/\/24formosa.com.ar\/?p=12710"},"modified":"2023-01-16T11:43:46","modified_gmt":"2023-01-16T14:43:46","slug":"formosa-coordinara-la-region-nea-del-consejo-federal-cooperativo-y-mutual","status":"publish","type":"post","link":"https:\/\/24formosa.com.ar\/?p=12710","title":{"rendered":"Formosa coordinar\u00e1 la regi\u00f3n NEA del Consejo Federal Cooperativo y Mutual"},"content":{"rendered":"<p style=\"text-align: justify;\">El Consejo Federal Cooperativo y Mutual est\u00e1 integrado por la totalidad de las Provincias y el Estado Nacional, con el objeto de afirmar el desarrollo sostenible de los sectores que integran la econom\u00eda social, consolidando los valores de solidaridad y ayuda mutua, de hacer frente a las necesidades y aspiraciones econ\u00f3micas, sociales y culturales comunes, constituir condiciones de ciudadan\u00eda, afianzar la unidad en la diversidad que implica el federalismo argentino, consolidar la democracia, facilitar el debate de las pol\u00edticas p\u00fablicas, promover la equidad y dignificar el trabajo de la econom\u00eda social; establecemos este reglamento, que debe entenderse como un conjunto de procedimientos no vinculantes que regular\u00e1n el accionar del espacio interjurisdiccional que integramos para planificar, coordinar, asesorar y acordar los aspectos de las pol\u00edticas de estado sobre mutualismo y cooperativismo.<\/p>\n<p style=\"text-align: justify;\">Est\u00e1 presidido por el presidente del INAES e integrar\u00e1n el consejo Federal los consejos regionales, los que se dividen en 6 zonas. Siendo la zona 1 integrada por Chaco, Corrientes, Misiones, Formosa y Entre R\u00edos y coordinadas en forma anual por una de las provincias, recayendo la elecci\u00f3n en la sesi\u00f3n del pasado 25 de Abril de elecci\u00f3n de autoridades en la Provincia de Formosa, a trav\u00e9s del Subsecretario de Econom\u00eda Social contador Ricardo Fischer.<\/p>\n","protected":false},"excerpt":{"rendered":"<p>El Consejo Federal Cooperativo y Mutual est\u00e1 integrado por la totalidad de las Provincias y<\/p>\n","protected":false},"author":3,"featured_media":12711,"comment_status":"open","ping_status":"open","sticky":false,"template":"","format":"standard","meta":{"footnotes":""},"categories":[1],"tags":[],"class_list":["post-12710","post","type-post","status-publish","format-standard","has-post-thumbnail","hentry","category-noticias"],"_links":{"self":[{"href":"https:\/\/24formosa.com.ar\/index.php?rest_route=\/wp\/v2\/posts\/12710","targetHints":{"allow":["GET"]}}],"collection":[{"href":"https:\/\/24formosa.com.ar\/index.php?rest_route=\/wp\/v2\/posts"}],"about":[{"href":"https:\/\/24formosa.com.ar\/index.php?rest_route=\/wp\/v2\/types\/post"}],"author":[{"embeddable":true,"href":"https:\/\/24formosa.com.ar\/index.php?rest_route=\/wp\/v2\/users\/3"}],"replies":[{"embeddable":true,"href":"https:\/\/24formosa.com.ar\/index.php?rest_route=%2Fwp%2Fv2%2Fcomments&post=12710"}],"version-history":[{"count":1,"href":"https:\/\/24formosa.com.ar\/index.php?rest_route=\/wp\/v2\/posts\/12710\/revisions"}],"predecessor-version":[{"id":50316,"href":"https:\/\/24formosa.com.ar\/index.php?rest_route=\/wp\/v2\/posts\/12710\/revisions\/50316"}],"wp:featuredmedia":[{"embeddable":true,"href":"https:\/\/24formosa.com.ar\/index.php?rest_route=\/wp\/v2\/media\/12711"}],"wp:attachment":[{"href":"https:\/\/24formosa.com.ar\/index.php?rest_route=%2Fwp%2Fv2%2Fmedia&parent=12710"}],"wp:term":[{"taxonomy":"category","embeddable":true,"href":"https:\/\/24formosa.com.ar\/index.php?rest_route=%2Fwp%2Fv2%2Fcategories&post=12710"},{"taxonomy":"post_tag","embeddable":true,"href":"https:\/\/24formosa.com.ar\/index.php?rest_route=%2Fwp%2Fv2%2Ftags&post=12710"}],"curies":[{"name":"wp","href":"https:\/\/api.w.org\/{rel}","templated":true}]}}