{"id":12668,"date":"2017-04-22T00:06:31","date_gmt":"2017-04-22T03:06:31","guid":{"rendered":"https:\/\/24formosa.com.ar\/?p=12668"},"modified":"2023-01-16T11:43:47","modified_gmt":"2023-01-16T14:43:47","slug":"formosa-albergo-cumbre-nea-litoral-sobre-dificultades-en-planes-habitacionales","status":"publish","type":"post","link":"https:\/\/24formosa.com.ar\/?p=12668","title":{"rendered":"Formosa albergo \u201ccumbre\u201d NEA-Litoral sobre dificultades en planes habitacionales"},"content":{"rendered":"<p style=\"text-align: justify;\">Los escenarios comunes en cuanto a las dificultades acentuadas en poder avanzar en los planes de viviendas proyectadas, reuni\u00f3 este viernes en Formosa a los responsables de los organismos habitacionales de las cinco provincias del NEA-Litoral. En el seno de esta \u201ccumbre\u201d se aunaron criterios a fin de insistir reclamos a la esfera nacional a partir de que la pr\u00f3xima semana se re\u00fane el Consejo Federal de la Vivienda que re\u00fane a responsables de la secretaria de Viviendas y de la subsecretaria de H\u00e1bitat de la Naci\u00f3n y de los organismos habitacionales de todas las regiones del pa\u00eds.<\/p>\n<p style=\"text-align: justify;\">Junto al anfitri\u00f3n titular del IPV, Marcelo Ugelli, estuvieron el presidente del Instituto Aut\u00e1rquico de Planeamiento Habitacional de \u00a0Entre R\u00edos, Alfredo Francolini, el presidente del Instituto Provincial de Desarrollo Urbano del Chaco, Hugo Acevedo, el interventor del Instituto de Vivienda de Corrientes, Bernardo Rodr\u00edguez y el presidente del Instituto Provincial de Desarrollo Habitacional de Misiones, Santiago Ros.<\/p>\n<p style=\"text-align: justify;\">El entrerriano Francolini expuso al t\u00e9rmino de la reuni\u00f3n que fue coincidente que \u201cestamos todos muy preocupados por la pol\u00edtica habitacional nacional\u201d, comentando que durante el encuentro en esta ciudad \u00a0expusieron \u201cproblemas en comunes y tambi\u00e9n todo lo que contribuya a mecanismos tendientes a llevar soluciones a nuestras jurisdicciones\u201d.\u201d<\/p>\n<p style=\"text-align: justify;\">Expuso en su caso que tenemos un creciente d\u00e9ficit habitacional, acentuado porque cada vez tenemos menos aprobaci\u00f3n de planes de viviendas por la parte de la secretaria nacional competente, y es algo que debe revertirse\u201d.<\/p>\n<p style=\"text-align: justify;\">Por su parte, el administrador del IPV formose\u00f1o, Marcelo Ugelli, dijo inicialmente que celebraron que se haya desmentido desde las m\u00e1s altas autoridades nacionales los trascendidos acerca de que naci\u00f3n quitar\u00eda el manejo de los recursos para obras habitacionales a las provincias.<\/p>\n<p style=\"text-align: justify;\">De todos modos expuso la \u201ccreciente preocupaci\u00f3n de todos por igual en el retraso en el env\u00edo de fondos que impide retomar el ritmo de obra necesario que dinamicen los avances y sobre todo reactive el importante sector laboral directo e indirecto que genera el sector de la construcci\u00f3n\u201d.<\/p>\n<p style=\"text-align: justify;\">Asimismo expuso que \u201cotra situaci\u00f3n que genera inquietud estuvo relacionado a quienes alientan desde el gobierno nacional la importaci\u00f3n de \u00a0viviendas prefabricadas de China, que atenta directamente contra nuestras econom\u00edas regionales\u201d.<\/p>\n<p style=\"text-align: justify;\">\u201cSera un tremendo perjuicio a nuestras peque\u00f1as industrias, como ladrilleros y madereros, a quienes priorizamos en la compra de sus producciones para las obras publicas, adem\u00e1s del directo impacto a much\u00edsima mano de obra de los obreros de la construcci\u00f3n\u201d, expuso.<\/p>\n<p style=\"text-align: justify;\">Otro aspecto conversado a partir del com\u00fan denominador en cada provincia, tuvo que ver en la necesidad de que el estado nacional viabilice ante la marcada dilaci\u00f3n los nuevos proyectos de obras presentados y que siguen sin tener respuesta. \u201cJunto al Chaco por ejemplo tenemos sin avance proyectos de viviendas en la modalidad aborigen\u201d, sostuvo Ugelli.<\/p>\n<p><strong>Precios desfasados<\/strong><\/p>\n<p>Tambi\u00e9n se analizo la \u201cnecesidad de que se ajusten las recomposiciones de precios. Es que otro de los problemas son los precios desfasados a partir del cambio de gobierno y las nuevas pol\u00edticas que generaron una inflaci\u00f3n del 40% hizo que se produjera un desequilibrio en la ecuaci\u00f3n econ\u00f3mica-financiera que rige en el metro cuadrado de la construcci\u00f3n de las viviendas\u201d.<\/p>\n<p style=\"text-align: justify;\">\u201cEstamos con viviendas en ejecuci\u00f3n que fueron licitadas a $6800 el metro cuadrado cuando fue fijado en marzo del a\u00f1o pasado un valor para el NEA de $13200 el metro cuadrado y de $12800 el metro cuadrado financiable de acuerdo al modelo nuestro\u201d, cuantifico, para a\u00f1adir que \u201cesta situaci\u00f3n genero que no se pudiera cumplir con el avance de obras, m\u00e1s all\u00e1 de que la provincia inyecto algunos recursos propios, de todos modos el a\u00f1o pasado el ritmo de avance rondo en un 30 a 40 por ciento\u201d.<\/p>\n<p style=\"text-align: justify;\">\u201cEs una inc\u00f3gnita\u201d, fue la respuesta de Ugelli al responder la consulta acerca del grado de seguridad de recibir los fondos \u00a0asignados desde naci\u00f3n. Expuso que \u201cel a\u00f1o pasado reconven\u00edamos la ejecuci\u00f3n de 1310 viviendas, pero luego nos dijeron que eran solo 600, pero hasta la fecha siguen sin llegar los fondos para este n\u00famero final asignado que de por si es mucho menor a lo acordado\u201d.<\/p>\n","protected":false},"excerpt":{"rendered":"<p>Los escenarios comunes en cuanto a las dificultades acentuadas en poder avanzar en los planes<\/p>\n","protected":false},"author":3,"featured_media":12669,"comment_status":"open","ping_status":"open","sticky":false,"template":"","format":"standard","meta":{"footnotes":""},"categories":[1],"tags":[],"class_list":["post-12668","post","type-post","status-publish","format-standard","has-post-thumbnail","hentry","category-noticias"],"_links":{"self":[{"href":"https:\/\/24formosa.com.ar\/index.php?rest_route=\/wp\/v2\/posts\/12668","targetHints":{"allow":["GET"]}}],"collection":[{"href":"https:\/\/24formosa.com.ar\/index.php?rest_route=\/wp\/v2\/posts"}],"about":[{"href":"https:\/\/24formosa.com.ar\/index.php?rest_route=\/wp\/v2\/types\/post"}],"author":[{"embeddable":true,"href":"https:\/\/24formosa.com.ar\/index.php?rest_route=\/wp\/v2\/users\/3"}],"replies":[{"embeddable":true,"href":"https:\/\/24formosa.com.ar\/index.php?rest_route=%2Fwp%2Fv2%2Fcomments&post=12668"}],"version-history":[{"count":1,"href":"https:\/\/24formosa.com.ar\/index.php?rest_route=\/wp\/v2\/posts\/12668\/revisions"}],"predecessor-version":[{"id":50322,"href":"https:\/\/24formosa.com.ar\/index.php?rest_route=\/wp\/v2\/posts\/12668\/revisions\/50322"}],"wp:featuredmedia":[{"embeddable":true,"href":"https:\/\/24formosa.com.ar\/index.php?rest_route=\/wp\/v2\/media\/12669"}],"wp:attachment":[{"href":"https:\/\/24formosa.com.ar\/index.php?rest_route=%2Fwp%2Fv2%2Fmedia&parent=12668"}],"wp:term":[{"taxonomy":"category","embeddable":true,"href":"https:\/\/24formosa.com.ar\/index.php?rest_route=%2Fwp%2Fv2%2Fcategories&post=12668"},{"taxonomy":"post_tag","embeddable":true,"href":"https:\/\/24formosa.com.ar\/index.php?rest_route=%2Fwp%2Fv2%2Ftags&post=12668"}],"curies":[{"name":"wp","href":"https:\/\/api.w.org\/{rel}","templated":true}]}}