{"id":12654,"date":"2017-04-20T23:37:45","date_gmt":"2017-04-21T02:37:45","guid":{"rendered":"https:\/\/24formosa.com.ar\/?p=12654"},"modified":"2023-01-16T11:43:48","modified_gmt":"2023-01-16T14:43:48","slug":"gobierno-y-aborigenes-rubricaron-el-acta-compromiso-por-la-paz-en-juarez","status":"publish","type":"post","link":"https:\/\/24formosa.com.ar\/?p=12654","title":{"rendered":"Gobierno y abor\u00edgenes rubricaron el \u201cacta compromiso\u201d por la paz en Ju\u00e1rez"},"content":{"rendered":"<p style=\"text-align: justify;\">Dirigentes ind\u00edgenas de las principales y populosas barriadas de Ingeniero Ju\u00e1rez, en reuni\u00f3n de trabajo mantenida junto al Jefe de Gabinete, Antonio Ferreira, rubricaron el \u201cacta compromiso por la paz comunitaria\u201d, al tiempo de asumir el deber de consensuar las acciones necesarias para ir resolviendo problemas irresueltos en el seno de la mesa multisectorial a ser creada.<\/p>\n<p style=\"text-align: justify;\">En el marco del encuentro llevado a cabo en la sala de situaci\u00f3n de la Jefatura de Gabinete de la sede gubernamental, Ferreira expuso su \u201csatisfacci\u00f3n\u201d al haber acordado poner el \u201cmayor de los esfuerzos y compromiso en salvaguardar la paz, asumiendo todos la responsabilidad que nos cabe a todos en la pacificaci\u00f3n social\u201d. Y lo coincidido fue refrendado en un acta, el cual simb\u00f3licamente y dado que su prop\u00f3sito fundamental, se coincidi\u00f3 en investirlo de \u201ccompromiso por la paz comunitaria de Ingeniero Ju\u00e1rez\u201d.<\/p>\n<p style=\"text-align: justify;\">Explico que junto al intendente Rafael Nacif, el concejal N\u00e9stor Valdez, el ministro de la Comunidad, An\u00edbal G\u00f3mez, la subsecretaria de Gesti\u00f3n de Establecimientos Asistenciales de Desarrollo Humano, Cristina Mirassou, el diputado Rodrigo Vera, y referentes sociales abor\u00edgenes como Nicasio Mari\u00f1o, presidente de la comisi\u00f3n vecinal del barrio Obrero, Evelio Rojas, pastor de la iglesia anglicana y el referente vecinal Horario Espinoza, hubo un an\u00e1lisis detallado de la situaci\u00f3n de la comunidad juarense en general y de cada barrio en particular. Indico que \u201cse expuso desde lo que ata\u00f1e a ni\u00f1os, j\u00f3venes, mujeres y mayores, a nadie se dejo a un lado en esta reuni\u00f3n de trabajo que entiendo fue muy valiosa\u201d.<\/p>\n<p style=\"text-align: justify;\">Sostuvo que \u201cestamos dando muestras concretas con respuestas efectivas que el gobierno de la provincia se preocupa y ocupa en responder los planteos que generan inquietud comunitaria\u201d, para reconocer que \u201cnos espera una ardua tarea donde estaremos complementando las acciones comunes consensuadas con los pobladores criollos. Y ello en el convencimiento de que la construcci\u00f3n de una comunidad la hacen todos los sectores\u201d.<\/p>\n<p style=\"text-align: justify;\">Dejo en claro el Jefe de Gabinete que \u201cen todo este proceso de encontrar la mejor soluci\u00f3n no hay ganadores ni perdedores, ac\u00e1 el principal prop\u00f3sito es el bienestar colectivo de la comunidad de Ingeniero Ju\u00e1rez. Y digo esto en particular porque est\u00e1n ustedes que son de aquella comunidad, pero en general es un valor esencial de gesti\u00f3n del doctor (Gildo) Insfran es que por sobre todas las cosas, la paz y la equidad prime en todo el territorio\u201d.<\/p>\n<p style=\"text-align: justify;\">Concluyo agradeciendo la visita de los dirigentes, para ratificarles el \u201ccompromiso del gobierno en torno a pol\u00edticas p\u00fablicas\u201d que conlleven a acentuar todo el proceso de transformaci\u00f3n en \u201carmon\u00eda social de esta localidad que busca consolidar su posici\u00f3n de liderazgo del oeste formose\u00f1o, para lo cual mucho contribuir\u00e1 la paz de su gente\u201d.<\/p>\n<p style=\"text-align: justify;\"><strong>Juarenses<\/strong><\/p>\n<p style=\"text-align: justify;\">Nicasio Mari\u00f1o, presidente de la comisi\u00f3n vecinal del barrio Obrero resalt\u00f3 \u201cel di\u00e1logo muy franco y muy abierto\u201d con el ministro, y signific\u00f3 que \u201csomos escuchados y recibidos, y esto es muy bueno, porque si no ser\u00eda mucho m\u00e1s dif\u00edcil avanzar en la soluci\u00f3n de los problemas\u201d.<\/p>\n<p style=\"text-align: justify;\">Expuso su convencimiento de que \u201cde las crisis tambi\u00e9n salen cosas buenas, se aprende de los errores y sobre todo a trav\u00e9s del di\u00e1logo sincero como estamos teniendo con las autoridades provinciales y las del pueblo\u201d.<\/p>\n<p style=\"text-align: justify;\">Tambi\u00e9n dio su visi\u00f3n de que \u201ccreemos haber podido acordar cosas positivas para que el desorden social de los j\u00f3venes quede definitivamente en el pasado, para lo cual asumimos el compromiso y tambi\u00e9n estamos pidiendo a los padres que as\u00ed lo hagan, trabajar todos los d\u00edas en las responsabilidades que debemos asumir\u201d.<\/p>\n<p style=\"text-align: justify;\">Destaco la decisi\u00f3n del gobierno de que \u201ca trav\u00e9s de los diferentes ministerios conformar una mesa de trabajo multisectorial \u2013estado, municipio y los abor\u00edgenes y criollos- para avanzar en dar respuestas a las demandas comunitarias\u201d, para concluir diciendo que \u201cmiramos con optimismo el futuro, aun con este presente dif\u00edcil de nuestro pa\u00eds, pero repito, tenemos el compromiso de ser guardianes de la paz social de nuestro pueblo, para lo cual adem\u00e1s tenemos que estar alertas y no dejarnos llevar por gente que tiene otros intereses y busca enfrentarnos\u201d.<\/p>\n<p style=\"text-align: justify;\">Evelio Rojas, pastor de la iglesia anglicana, destaco el \u201cgran valor de este encuentro fraterno, es el mejor ejemplo de que dialogando y en unidad se pueden lograr much\u00edsimas cosas, sobre todo para la paz reine en nuestra comunidad\u201d.<\/p>\n<p style=\"text-align: justify;\">Agradeci\u00f3 al doctor Ferreira por su \u201cfranqueza\u201d y en esa l\u00ednea es que expuso su compromiso en acompa\u00f1ar a sus pares como \u201cpredicador de la conciliaci\u00f3n, con reflexiones y en lo que me corresponda. Todos debemos sumarnos a trabajar junto a este gobierno para derrotar la pobreza, porque as\u00ed como se hizo mucho y se mejoro las condiciones de vida en los pueblos originarios, faltan aun hacer mas y en eso debemos ayudar al gobernador Insfran a que pueda hacer lo que est\u00e1 faltando\u201d.<\/p>\n<p style=\"text-align: justify;\">Expuso entre lo \u201cmucho que hemos progresado, escuelas de todos los niveles, hospitales, luz el\u00e9ctrica, agua, los caminos y tambi\u00e9n la inclusi\u00f3n laboral en muchos lugares de los hermanos abor\u00edgenes\u201d.<\/p>\n<p style=\"text-align: justify;\">N\u00e9stor Valdez, concejal juarense, considero que el \u201cdesorden social llevo a una situaci\u00f3n muy compleja, pero entre todos estamos superando, y este fuerte compromiso del gobierno expresado en el se\u00f1or Jefe de Gabinete contribuye aun m\u00e1s\u201d. Expuso justamente que \u201cm\u00e1s de la mitad de los planteos abor\u00edgenes han tenido respuesta inmediata en esta reuni\u00f3n, y se asumi\u00f3 el deber de trabajar juntos para avanzar en los que a\u00fan est\u00e1 pendiente\u201d.<\/p>\n<p style=\"text-align: justify;\">Entiende que \u201ctodos los miembros de la comunidad nos corresponde asumir nuestros errores, y ser conscientes que no estuvimos a la altura de los tiempos. Es cierto que se han dado factores que escapan a nosotros, como las inundaciones, que generan muchos problemas, pero eso no nos justifica para retroceder ante la decisi\u00f3n pol\u00edtica de nuestro gobernador de transformar a Ingeniero Ju\u00e1rez y de integrarnos definitivamente\u201d.<\/p>\n<p style=\"text-align: justify;\">\u201cNos vamos satisfechos, porque se avanzo much\u00edsimo en todo sentido, al punto que en una pr\u00f3xima reuni\u00f3n estaremos juntos criollos y abor\u00edgenes exponiendo los avances y lo que aun falta\u201d, concluy\u00f3.<\/p>\n<p style=\"text-align: justify;\">Horario Espinoza, referente del barrio Obrero, expuso como aspecto saliente el \u201ccompromiso tomado por el se\u00f1or Jefe de Gabinete es alentador en todo sentido, tanto para afirmar la paz alcanzando en estos \u00faltimos d\u00edas, como tambi\u00e9n para alentar que ese convivir en armon\u00eda seguir\u00e1 de ahora m\u00e1s\u201d.<\/p>\n<p style=\"text-align: justify;\">Conto que era la primera vez que estaba en la Casa de Gobierno, y que lo animo ver la \u201csencillez y convicci\u00f3n de las autoridades, como la del doctor Ferreira de acompa\u00f1ar al pueblo a superar sus crisis, sobre todo en la comprensi\u00f3n de la idiosincrasia aborigen\u201d. Aunque admiti\u00f3 que \u201cas\u00ed como reclamamos al gobierno en ayudar a nuestros j\u00f3venes, tambi\u00e9n los padres debemos asumir las culpas y ser m\u00e1s responsables en la crianza de nuestros hijos\u201d.<\/p>\n","protected":false},"excerpt":{"rendered":"<p>Dirigentes ind\u00edgenas de las principales y populosas barriadas de Ingeniero Ju\u00e1rez, en reuni\u00f3n de trabajo<\/p>\n","protected":false},"author":3,"featured_media":12655,"comment_status":"open","ping_status":"open","sticky":false,"template":"","format":"standard","meta":{"footnotes":""},"categories":[1],"tags":[],"class_list":["post-12654","post","type-post","status-publish","format-standard","has-post-thumbnail","hentry","category-noticias"],"_links":{"self":[{"href":"https:\/\/24formosa.com.ar\/index.php?rest_route=\/wp\/v2\/posts\/12654","targetHints":{"allow":["GET"]}}],"collection":[{"href":"https:\/\/24formosa.com.ar\/index.php?rest_route=\/wp\/v2\/posts"}],"about":[{"href":"https:\/\/24formosa.com.ar\/index.php?rest_route=\/wp\/v2\/types\/post"}],"author":[{"embeddable":true,"href":"https:\/\/24formosa.com.ar\/index.php?rest_route=\/wp\/v2\/users\/3"}],"replies":[{"embeddable":true,"href":"https:\/\/24formosa.com.ar\/index.php?rest_route=%2Fwp%2Fv2%2Fcomments&post=12654"}],"version-history":[{"count":1,"href":"https:\/\/24formosa.com.ar\/index.php?rest_route=\/wp\/v2\/posts\/12654\/revisions"}],"predecessor-version":[{"id":50326,"href":"https:\/\/24formosa.com.ar\/index.php?rest_route=\/wp\/v2\/posts\/12654\/revisions\/50326"}],"wp:featuredmedia":[{"embeddable":true,"href":"https:\/\/24formosa.com.ar\/index.php?rest_route=\/wp\/v2\/media\/12655"}],"wp:attachment":[{"href":"https:\/\/24formosa.com.ar\/index.php?rest_route=%2Fwp%2Fv2%2Fmedia&parent=12654"}],"wp:term":[{"taxonomy":"category","embeddable":true,"href":"https:\/\/24formosa.com.ar\/index.php?rest_route=%2Fwp%2Fv2%2Fcategories&post=12654"},{"taxonomy":"post_tag","embeddable":true,"href":"https:\/\/24formosa.com.ar\/index.php?rest_route=%2Fwp%2Fv2%2Ftags&post=12654"}],"curies":[{"name":"wp","href":"https:\/\/api.w.org\/{rel}","templated":true}]}}