{"id":12616,"date":"2017-04-18T18:40:58","date_gmt":"2017-04-18T21:40:58","guid":{"rendered":"https:\/\/24formosa.com.ar\/?p=12616"},"modified":"2023-01-16T11:43:49","modified_gmt":"2023-01-16T14:43:49","slug":"insfran-con-macri-firmo-acuerdo-sobre-modernizacion-del-estado","status":"publish","type":"post","link":"https:\/\/24formosa.com.ar\/?p=12616","title":{"rendered":"Insfr\u00e1n con Macri firm\u00f3 acuerdo sobre Modernizaci\u00f3n del Estado"},"content":{"rendered":"<p style=\"text-align: justify;\">El gobernador Gildo Insfr\u00e1n concurri\u00f3 este martes al Sal\u00f3n Blanco de la Casa de Gobierno donde firm\u00f3 con el presidente de la Naci\u00f3n, Mauriico Macri, el denominado \u00abCompromiso Federal para la Modernizaci\u00f3n del Estado\u00bb.<\/p>\n<p style=\"text-align: justify;\">Se trata de un documento con el que busca propiciar el trabajo conjunto entre la Naci\u00f3n y las provincias para lograr mayor transparencia y eficiencia en el servicio de administraci\u00f3n p\u00fablica.<\/p>\n<p style=\"text-align: justify;\">Tambi\u00e9n lo rubricaron los gobernadores Mar\u00eda Eugenia Vidal (Buenos Aires); Luc\u00eda Corpacci (Catamarca); Ricardo Colombi (Corrientes); Gerardo Morales (Jujuy); Hugo Passalacqua (Misiones); Omar Guti\u00e9rrez (Neuqu\u00e9n); Alberto Weretilneck (R\u00edo Negro); Juan Manuel Urtubey (Salta); Sergio U\u00f1ac (San Juan); Claudia Ledesma Abdala (Santiago del Estero) y Juan Manzur (Tucum\u00e1n), y el vicegobernador de Chubut Mariano Arcioni.<\/p>\n<p style=\"text-align: justify;\">Tambi\u00e9n particip\u00f3 del acto el secretario general de la Uni\u00f3n del Personal Civil de la Naci\u00f3n (UPCN), Andr\u00e9s Rodr\u00edguez.<\/p>\n<p style=\"text-align: justify;\">El Compromiso tambi\u00e9n convoca a adherirse a otros poderes del Estado y a los municipios para que en sus respectivas \u00e1reas implementen pol\u00edticas p\u00fablicas asociadas a la modernizaci\u00f3n.<\/p>\n<p style=\"text-align: justify;\">Por el documento Naci\u00f3n y las provincias se comprometen a incorporar infraestructura tecnol\u00f3gica, llevar conectividad a todo el pa\u00eds e implementar WIFI p\u00fablico y gratuito.<\/p>\n<p style=\"text-align: justify;\">El acuerdo propone desburocratizar el Estado a trav\u00e9s de la simplificaci\u00f3n y agilizaci\u00f3n de los tr\u00e1mites de la ciudadan\u00eda, la posibilidad de hacerlos a distancia y lograr la interacci\u00f3n con el Estado mediante un portal unificado.<\/p>\n<p style=\"text-align: justify;\">Se desarrollaran sistemas de tramitaci\u00f3n electr\u00f3nica de expedientes y firma digital e implementar\u00e1n plataformas en l\u00ednea, abiertas y accesibles para monitorear las compras y contrataciones.<\/p>\n<p style=\"text-align: justify;\">Otra de las metas es jerarquizar el empleo p\u00fablico mediante la optimizaci\u00f3n de la carrera administrativa basada en el m\u00e9rito y las competencias.<\/p>\n","protected":false},"excerpt":{"rendered":"<p>El gobernador Gildo Insfr\u00e1n concurri\u00f3 este martes al Sal\u00f3n Blanco de la Casa de Gobierno<\/p>\n","protected":false},"author":3,"featured_media":12617,"comment_status":"open","ping_status":"open","sticky":false,"template":"","format":"standard","meta":{"footnotes":""},"categories":[1],"tags":[],"class_list":["post-12616","post","type-post","status-publish","format-standard","has-post-thumbnail","hentry","category-noticias"],"_links":{"self":[{"href":"https:\/\/24formosa.com.ar\/index.php?rest_route=\/wp\/v2\/posts\/12616","targetHints":{"allow":["GET"]}}],"collection":[{"href":"https:\/\/24formosa.com.ar\/index.php?rest_route=\/wp\/v2\/posts"}],"about":[{"href":"https:\/\/24formosa.com.ar\/index.php?rest_route=\/wp\/v2\/types\/post"}],"author":[{"embeddable":true,"href":"https:\/\/24formosa.com.ar\/index.php?rest_route=\/wp\/v2\/users\/3"}],"replies":[{"embeddable":true,"href":"https:\/\/24formosa.com.ar\/index.php?rest_route=%2Fwp%2Fv2%2Fcomments&post=12616"}],"version-history":[{"count":1,"href":"https:\/\/24formosa.com.ar\/index.php?rest_route=\/wp\/v2\/posts\/12616\/revisions"}],"predecessor-version":[{"id":50331,"href":"https:\/\/24formosa.com.ar\/index.php?rest_route=\/wp\/v2\/posts\/12616\/revisions\/50331"}],"wp:featuredmedia":[{"embeddable":true,"href":"https:\/\/24formosa.com.ar\/index.php?rest_route=\/wp\/v2\/media\/12617"}],"wp:attachment":[{"href":"https:\/\/24formosa.com.ar\/index.php?rest_route=%2Fwp%2Fv2%2Fmedia&parent=12616"}],"wp:term":[{"taxonomy":"category","embeddable":true,"href":"https:\/\/24formosa.com.ar\/index.php?rest_route=%2Fwp%2Fv2%2Fcategories&post=12616"},{"taxonomy":"post_tag","embeddable":true,"href":"https:\/\/24formosa.com.ar\/index.php?rest_route=%2Fwp%2Fv2%2Ftags&post=12616"}],"curies":[{"name":"wp","href":"https:\/\/api.w.org\/{rel}","templated":true}]}}