{"id":12594,"date":"2017-04-17T19:54:07","date_gmt":"2017-04-17T22:54:07","guid":{"rendered":"https:\/\/24formosa.com.ar\/?p=12594"},"modified":"2023-01-16T11:43:49","modified_gmt":"2023-01-16T14:43:49","slug":"basterra-acuso-a-su-par-naidenoff-de-ser-predicador-del-odio","status":"publish","type":"post","link":"https:\/\/24formosa.com.ar\/?p=12594","title":{"rendered":"Basterra acus\u00f3 a su par Naidenoff de ser predicador del odio\u201d"},"content":{"rendered":"<p style=\"text-align: justify;\">\u201cEn momentos dif\u00edciles, cuando los pobladores de Ingeniero Ju\u00e1rez, criollos e ind\u00edgenas buscan caminos de di\u00e1logo y convivencia para superar los episodios de violencia y desencuentro a partir de un grupo de j\u00f3venes que han perdido el rumbo, el senador (Luis) Naidenoff vuelve a dar muestras del odio social y pol\u00edtico en el que basa su accionar\u201d, expuso el diputado nacional justicialista, Luis Basterra.<\/p>\n<p>Para el legislador, \u201cIngeniero Ju\u00e1rez no se cans\u00f3 del pretendido sometimiento que el senador adjudica al Gobierno Provincial. El eterno representante de la minor\u00eda se apropia de un conflicto que le es totalmente ajeno para llevarlo a la pol\u00edtica de baja estofa\u201d, al tiempo de advertir la real intencionalidad de \u201cpretender imponer fuerzas federales en una provincia en la que jam\u00e1s pudieron hacer pie salvo con proscripciones y gobiernos militares\u201d.<\/p>\n<p>Critico Basterra recuerda a modo de trazar un parang\u00f3n diciendo que \u201ccomo en \u00e9pocas de dictaduras, de las cuales su partido sabe mucho, adjudica al doctor Gildo Insfran establecer \u201czonas liberadas\u201d, recurso que utilizaban los represores para secuestrar y matar a quienes no pensaban como ellos. All\u00ed se evidencia su pensamiento reaccionario y vinculado a lo peor de la historia argentina\u201d.<\/p>\n<p>Amplia su opini\u00f3n el diputado nacional aseverando que se utiliza nuevamente el recurso del \u201cclientelismo pol\u00edtico\u201d, advirtiendo que \u201ces una forma de descalificar el voto popular que en cada elecci\u00f3n le dio la espalda\u201d.<\/p>\n<p>Para Basterra, \u201cNaidenoff cree en dos clases de ciudadanos: Los iluminados como \u00e9l y lo votan, y las mayor\u00edas populares que, conscientes de sus derechos y de su destino, votan por Formosa y su futuro. Las mayor\u00edas para el senador son clientes, consumidores de coca y chorip\u00e1n e incapaces de pensar por s\u00ed mismos. Basta de ofender a nuestro pueblo senador\u201d, planteo categ\u00f3rico.<\/p>\n<p>Expuso asimismo que \u201cen Formosa, como en todas las provincias argentinas vivimos diversos conflictos que siempre se solucionaron mediante el di\u00e1logo, sin \u201cprotocolos antipiquetes\u201d ni docentes apaleados\u201d.<\/p>\n<p><strong>\u201cLe encantar\u00eda la sangre\u201d<\/strong><\/p>\n<p>Marco el contraste en que \u201cal senador Naidenoff y su clasismo desembozado le encantar\u00eda la sangre y el enfrentamiento entre hermanos. Porque en su ret\u00f3rica \u201canticlientelista\u201d detesta a los abor\u00edgenes a quienes entre otros sugiere como responsables de la imposibilidad de gobernar de su clase social\u201d.<\/p>\n<p>\u201cHoy los ofende se\u00f1alando que todos sus hijos est\u00e1n coptados por la droga y el alcohol. No senador. La inmensa mayor\u00eda de los pueblos originarios formose\u00f1os son gente que lucha, que estudia, que tiene escuelas biling\u00fces en sus comunidades y que quiere un futuro mejor para sus hijos\u201d, expuso.<\/p>\n<p>Sostiene que \u201cno existe enfrentamiento entre criollos y comunidades abor\u00edgenes. Existen conflictos en Ingeniero Ju\u00e1rez con un grupo de j\u00f3venes sumidos en la pobreza estructural de un pa\u00eds injusto, que su gobierno ha venido a profundizar. Los juarenses y todos los formose\u00f1os son conscientes de los profundos cambios y realizaciones que el modelo provincial que conduce nuestro gobernador Gildo Insfran ha llevado a cada rinc\u00f3n de la geograf\u00eda provincial. Y acompa\u00f1a ese proceso en cada elecci\u00f3n\u201d.<\/p>\n<p>Siempre refiri\u00e9ndose a Naidenoff, lo se\u00f1ala de que \u201cvincula su vis\u00f3n espuria de clientelismo con el flagelo de la droga y el alcohol\u201d, exponiendo su punto de vista en que \u201clas adicciones son multicausales y cabr\u00eda preguntarse cu\u00e1l es el \u201cclientelismo\u00bb de pa\u00edses como Estados Unidos o los pa\u00edses de la Uni\u00f3n Europea que lideran el consumo de drogas a nivel mundial\u201d.<\/p>\n<p>Le record\u00f3 asimismo que \u201cquienes siempre han mirado al costado ante las realizaciones provinciales, fueron \u00e9l y sus correligionarios\u201d, para se\u00f1alarse a modo de evocaci\u00f3n \u201cel episodio de la famosa \u201cescuela sin paredes\u201d rodeada de 50 escuelas nuevas, que tuvo como protagonista al senador y al predicador del odio Jorge Lanata\u201d.<\/p>\n<p>Tambi\u00e9n reprendi\u00f3 que \u201cadjudica con impudicia responsabilidades pol\u00edticas al gobernador de Formosa, quien es precisamente el que siempre se ocupo de todos y cada uno de los reclamos que, en numerosas ocasiones fueron generados por su oposici\u00f3n pol\u00edtica y por ONGs aliadas\u201d.<\/p>\n<p>\u201cLos formose\u00f1os lo conocemos, y no se nos puede ir de la retina esa imagen del representante del pueblo de Formosa por la minor\u00eda, vestido de lacayo moderno para cenar fastuosamente con el rey de Espa\u00f1a, con sonrisa plena de realizaci\u00f3n de un sue\u00f1o cumplido. Su discurso oportunista no puede ocultar que su accionar ha estado de espaldas a los pueblos originarios, como cuando acompa\u00f1ara con pleites\u00eda el discurso del presidente Mauricio Macri en Tucum\u00e1n, en ocasi\u00f3n de la visita del rey Juan Carlos un 9 de Julio, asoci\u00e1ndose a la \u201cangustia\u201d de nuestros pr\u00f3ceres de la independencia\u201d, expuso con severidad.<\/p>\n<p>Concluyo exhortando a la reflexi\u00f3n al senador, a que \u201cacompa\u00f1e todos los esfuerzos que se est\u00e1n realizando para la resoluci\u00f3n de los problemas a trav\u00e9s del di\u00e1logo y la recuperaci\u00f3n de la concordia. Ante las fuerzas del odio, la discriminaci\u00f3n y la violencia tengamos un pensamiento inclusivo y no discriminatorio para ning\u00fan formose\u00f1o\u201d.<\/p>\n","protected":false},"excerpt":{"rendered":"<p>\u201cEn momentos dif\u00edciles, cuando los pobladores de Ingeniero Ju\u00e1rez, criollos e ind\u00edgenas buscan caminos de<\/p>\n","protected":false},"author":3,"featured_media":10851,"comment_status":"open","ping_status":"open","sticky":false,"template":"","format":"standard","meta":{"footnotes":""},"categories":[1],"tags":[],"class_list":["post-12594","post","type-post","status-publish","format-standard","has-post-thumbnail","hentry","category-noticias"],"_links":{"self":[{"href":"https:\/\/24formosa.com.ar\/index.php?rest_route=\/wp\/v2\/posts\/12594","targetHints":{"allow":["GET"]}}],"collection":[{"href":"https:\/\/24formosa.com.ar\/index.php?rest_route=\/wp\/v2\/posts"}],"about":[{"href":"https:\/\/24formosa.com.ar\/index.php?rest_route=\/wp\/v2\/types\/post"}],"author":[{"embeddable":true,"href":"https:\/\/24formosa.com.ar\/index.php?rest_route=\/wp\/v2\/users\/3"}],"replies":[{"embeddable":true,"href":"https:\/\/24formosa.com.ar\/index.php?rest_route=%2Fwp%2Fv2%2Fcomments&post=12594"}],"version-history":[{"count":1,"href":"https:\/\/24formosa.com.ar\/index.php?rest_route=\/wp\/v2\/posts\/12594\/revisions"}],"predecessor-version":[{"id":50334,"href":"https:\/\/24formosa.com.ar\/index.php?rest_route=\/wp\/v2\/posts\/12594\/revisions\/50334"}],"wp:featuredmedia":[{"embeddable":true,"href":"https:\/\/24formosa.com.ar\/index.php?rest_route=\/wp\/v2\/media\/10851"}],"wp:attachment":[{"href":"https:\/\/24formosa.com.ar\/index.php?rest_route=%2Fwp%2Fv2%2Fmedia&parent=12594"}],"wp:term":[{"taxonomy":"category","embeddable":true,"href":"https:\/\/24formosa.com.ar\/index.php?rest_route=%2Fwp%2Fv2%2Fcategories&post=12594"},{"taxonomy":"post_tag","embeddable":true,"href":"https:\/\/24formosa.com.ar\/index.php?rest_route=%2Fwp%2Fv2%2Ftags&post=12594"}],"curies":[{"name":"wp","href":"https:\/\/api.w.org\/{rel}","templated":true}]}}